{"id":4093,"date":"2017-03-27T11:59:13","date_gmt":"2017-03-27T14:59:13","guid":{"rendered":"http:\/\/www.sertsc.org.br\/site\/?p=4093"},"modified":"2017-03-27T11:59:13","modified_gmt":"2017-03-27T14:59:13","slug":"cerimonia-de-sancao-presidencial-da-mp-747","status":"publish","type":"post","link":"https:\/\/sertsc.org.br\/site\/cerimonia-de-sancao-presidencial-da-mp-747\/","title":{"rendered":"Cerim\u00f4nia de san\u00e7\u00e3o presidencial da MP 747"},"content":{"rendered":"<p style=\"text-align: justify;\">Radiodifusores de todo o pa\u00eds participam, nesta ter\u00e7a-feira (28), \u00e0s 15h, da cerim\u00f4nia de san\u00e7\u00e3o presidencial da Medida Provis\u00f3ria 747, no Pal\u00e1cio do Planalto, em Bras\u00edlia.<\/p>\n<p style=\"text-align: justify;\">Estar\u00e3o presentes \u00e0 cerim\u00f4nia o presidente da Rep\u00fablica, Michel Temer, o ministro da Ci\u00eancia, Tecnologia, Inova\u00e7\u00f5es e Comunica\u00e7\u00f5es, Gilberto Kassab, e o presidente da ABERT, Paulo Tonet Camargo.<\/p>\n<p style=\"text-align: justify;\">A MP 747, que simplifica os processos de renova\u00e7\u00e3o e transfer\u00eancia de outorgas das emissoras de r\u00e1dio e TV, \u00e9 considerada pela radiodifus\u00e3o uma das maiores conquistas para o setor nos \u00faltimos 50 anos.<\/p>\n<p style=\"text-align: justify;\">De acordo com Paulo Tonet Camargo, \u201cas altera\u00e7\u00f5es na legisla\u00e7\u00e3o ir\u00e3o beneficiar a radiodifus\u00e3o, facilitando a gest\u00e3o das emissoras. A melhor presta\u00e7\u00e3o dos servi\u00e7os p\u00fablicos exige celeridade e agilidade. A burocracia n\u00e3o pode ser um entrave para a comunica\u00e7\u00e3o social em tempos de globaliza\u00e7\u00e3o e novas tecnologias\u201d.<\/p>\n<p style=\"text-align: justify;\"><strong>Data:<\/strong> 28\/03\/2017<\/p>\n<p style=\"text-align: justify;\"><strong>Hora:<\/strong> 15h<\/p>\n<p style=\"text-align: justify;\"><strong>Local:<\/strong> Pal\u00e1cio do Planalto, Bras\u00edlia.<\/p>\n<p style=\"text-align: justify;\">Fonte: ABERT.<\/p>\n","protected":false},"excerpt":{"rendered":"<p>Radiodifusores de todo o pa\u00eds participam, nesta ter\u00e7a-feira (28), \u00e0s&hellip;<\/p>\n<p> <a class=\"more-link\" href=\"https:\/\/sertsc.org.br\/site\/cerimonia-de-sancao-presidencial-da-mp-747\/\">Leia mais<\/a><\/p>\n","protected":false},"author":1,"featured_media":3932,"comment_status":"closed","ping_status":"open","sticky":false,"template":"","format":"standard","meta":{"footnotes":""},"categories":[33],"tags":[],"class_list":{"0":"post-4093","1":"post","2":"type-post","3":"status-publish","4":"format-standard","5":"has-post-thumbnail","7":"category-destaques"},"_links":{"self":[{"href":"https:\/\/sertsc.org.br\/site\/wp-json\/wp\/v2\/posts\/4093","targetHints":{"allow":["GET"]}}],"collection":[{"href":"https:\/\/sertsc.org.br\/site\/wp-json\/wp\/v2\/posts"}],"about":[{"href":"https:\/\/sertsc.org.br\/site\/wp-json\/wp\/v2\/types\/post"}],"author":[{"embeddable":true,"href":"https:\/\/sertsc.org.br\/site\/wp-json\/wp\/v2\/users\/1"}],"replies":[{"embeddable":true,"href":"https:\/\/sertsc.org.br\/site\/wp-json\/wp\/v2\/comments?post=4093"}],"version-history":[{"count":0,"href":"https:\/\/sertsc.org.br\/site\/wp-json\/wp\/v2\/posts\/4093\/revisions"}],"wp:featuredmedia":[{"embeddable":true,"href":"https:\/\/sertsc.org.br\/site\/wp-json\/"}],"wp:attachment":[{"href":"https:\/\/sertsc.org.br\/site\/wp-json\/wp\/v2\/media?parent=4093"}],"wp:term":[{"taxonomy":"category","embeddable":true,"href":"https:\/\/sertsc.org.br\/site\/wp-json\/wp\/v2\/categories?post=4093"},{"taxonomy":"post_tag","embeddable":true,"href":"https:\/\/sertsc.org.br\/site\/wp-json\/wp\/v2\/tags?post=4093"}],"curies":[{"name":"wp","href":"https:\/\/api.w.org\/{rel}","templated":true}]}}