{"id":4089,"date":"2017-03-27T10:24:49","date_gmt":"2017-03-27T13:24:49","guid":{"rendered":"http:\/\/www.sertsc.org.br\/site\/?p=4089"},"modified":"2017-03-27T10:24:49","modified_gmt":"2017-03-27T13:24:49","slug":"migracao-de-radios-para-fm-nao-tem-custo-e-melhora-a-vida-das-pessoas-diz-ministro","status":"publish","type":"post","link":"https:\/\/sertsc.org.br\/site\/migracao-de-radios-para-fm-nao-tem-custo-e-melhora-a-vida-das-pessoas-diz-ministro\/","title":{"rendered":"Migra\u00e7\u00e3o de r\u00e1dios para FM n\u00e3o tem custo e melhora a vida das pessoas, diz ministro"},"content":{"rendered":"<p style=\"text-align: justify;\">Gilberto Kassab participou na sexta-feira (24) de mais um mutir\u00e3o de migra\u00e7\u00e3o das r\u00e1dios AM para FM. Em Belo Horizonte, foram assinados termos aditivos de adapta\u00e7\u00e3o das outorgas de 47 emissoras de Minas Gerais.<\/p>\n<div class=\"conteudo-noticia\" style=\"text-align: justify;\">\n<p>No momento que o Brasil atravessa uma conjuntura dif\u00edcil, conseguimos avan\u00e7ar com medidas que n\u00e3o t\u00eam custo e melhoram a vida do cidad\u00e3o, afirmou o ministro da Ci\u00eancia, Tecnologia, Inova\u00e7\u00f5es e Comunica\u00e7\u00f5es, Gilberto Kassab, durante cerim\u00f4nia de migra\u00e7\u00e3o de r\u00e1dios AM para a faixa de FM nesta sexta-feira (24), em Belo Horizonte. No evento, 47 emissoras de diferentes munic\u00edpios de Minas Gerais assinaram o termo aditivo de adapta\u00e7\u00e3o das outorgas, documento que autoriza a mudan\u00e7a de faixa.<\/p>\n<p>&#8220;Milhares de pessoas ser\u00e3o beneficiadas por um ato como o que acontece nesta manh\u00e3, que n\u00e3o teve custo nenhum, apenas a iniciativa do governo, em conjunto com as entidades do setor, para que a gente possa melhorar a qualidade do servi\u00e7o e retomar a comunica\u00e7\u00e3o em alguns munic\u00edpios onde as r\u00e1dios estavam relegadas a segundo plano&#8221;, destacou Kassab.<\/p>\n<p>Segundo ele, a mudan\u00e7a de faixa \u00e9 um objetivo perseguido h\u00e1 muito tempo pelas emissoras. &#8220;Ganha o cidad\u00e3o, que vai ter uma comunica\u00e7\u00e3o e um servi\u00e7o de melhor qualidade. Ganham as r\u00e1dios, que passam a ter mais efici\u00eancia e melhores condi\u00e7\u00f5es de trabalho. Enfim, ganha o pa\u00eds.&#8221;<\/p>\n<p>O ministro refor\u00e7ou que o MCTIC apoiar\u00e1 os radiodifusores na busca por recursos para adquirir os equipamentos necess\u00e1rios para operar na faixa FM. &#8220;O nosso apoio ser\u00e1 total para todos aqueles que queiram dar sequ\u00eancia a essa moderniza\u00e7\u00e3o.&#8221;<\/p>\n<p>Ele tamb\u00e9m revelou que um estudo est\u00e1 sendo feito pela Secretaria de Radiodifus\u00e3o do MCTIC e poder\u00e1 resultar na reabertura do prazo para as emissoras AM que n\u00e3o aderiram ao processo de migra\u00e7\u00e3o para FM.<\/p>\n<p><strong>Evolu\u00e7\u00e3o<\/strong><\/p>\n<p>Para o presidente da Associa\u00e7\u00e3o Brasileira de Emissoras de R\u00e1dio e Televis\u00e3o (Abert), Paulo Tonet, &#8220;o minist\u00e9rio est\u00e1 dando um impulso extraordin\u00e1rio para o avan\u00e7o do r\u00e1dio brasileiro com a migra\u00e7\u00e3o da AM para o FM.&#8221;<\/p>\n<p>J\u00e1 o presidente da Associa\u00e7\u00e3o Mineira de R\u00e1dio e Televis\u00e3o (Amirt), Mayrinck Pinto de Aguiar J\u00fanior, afirmou que a voca\u00e7\u00e3o das r\u00e1dios AM sempre foi estar juntos das comunidades locais, levando informa\u00e7\u00f5es relevantes para a vida das pessoas em cada munic\u00edpio. Segundo ele, pesquisas apontam que o r\u00e1dio est\u00e1 presente no dia a dia de 96% da popula\u00e7\u00e3o mineira, com uma m\u00e9dia de quatro horas de sintonia di\u00e1ria.<\/p>\n<p>Para Mayrinck J\u00fanior, a migra\u00e7\u00e3o coloca as emissoras AM em p\u00e9 de igualdade para disputar o mercado. &#8220;Com a migra\u00e7\u00e3o, estamos vivenciando mais uma evolu\u00e7\u00e3o. A cada nova tecnologia o r\u00e1dio se renova e, melhor que outras m\u00eddias, soube utilizar a converg\u00eancia possibilitada pelo aparelho celular.&#8221;<\/p>\n<p><strong>Mutir\u00e3o<\/strong><\/p>\n<p>O mutir\u00e3o de migra\u00e7\u00e3o nos estados ter\u00e1 sequ\u00eancia no pr\u00f3ximo m\u00eas, no Rio Grande do Sul. A mudan\u00e7a de faixa \u00e9 uma reinvindica\u00e7\u00e3o das emissoras AM de todo o pa\u00eds, que sofrem com a perda de qualidade do sinal, de audi\u00eancia e de faturamento. Com a opera\u00e7\u00e3o na faixa FM, as r\u00e1dios tamb\u00e9m poder\u00e3o ser sintonizadas em dispositivos m\u00f3veis, como tablets e smartphones, o que garante a continuidade e a moderniza\u00e7\u00e3o do servi\u00e7o.<\/p>\n<p>Em cada mutir\u00e3o, s\u00e3o assinados os termos aditivos de adapta\u00e7\u00e3o das outorgas, que \u00e9 um dos \u00faltimos passos do processo para a mudan\u00e7a de frequ\u00eancia. Depois disso, as r\u00e1dios devem apresentar um projeto t\u00e9cnico de instala\u00e7\u00e3o da FM ao MCTIC e solicitar \u00e0 Ag\u00eancia Nacional de Telecomunica\u00e7\u00f5es (Anatel) a autoriza\u00e7\u00e3o de uso da radiofrequ\u00eancia. A partir da libera\u00e7\u00e3o da ag\u00eancia ligada ao MCTIC, os ve\u00edculos j\u00e1 podem come\u00e7ar a transmitir a programa\u00e7\u00e3o na faixa FM.<\/p>\n<\/div>\n<div class=\"fonte-noticia\" style=\"text-align: justify;\">Fonte: MCTIC<\/div>\n","protected":false},"excerpt":{"rendered":"<p>Gilberto Kassab participou na sexta-feira (24) de mais um mutir\u00e3o&hellip;<\/p>\n<p> <a class=\"more-link\" href=\"https:\/\/sertsc.org.br\/site\/migracao-de-radios-para-fm-nao-tem-custo-e-melhora-a-vida-das-pessoas-diz-ministro\/\">Leia mais<\/a><\/p>\n","protected":false},"author":1,"featured_media":4090,"comment_status":"closed","ping_status":"open","sticky":false,"template":"","format":"standard","meta":{"footnotes":""},"categories":[3],"tags":[],"class_list":{"0":"post-4089","1":"post","2":"type-post","3":"status-publish","4":"format-standard","5":"has-post-thumbnail","7":"category-noticias"},"_links":{"self":[{"href":"https:\/\/sertsc.org.br\/site\/wp-json\/wp\/v2\/posts\/4089","targetHints":{"allow":["GET"]}}],"collection":[{"href":"https:\/\/sertsc.org.br\/site\/wp-json\/wp\/v2\/posts"}],"about":[{"href":"https:\/\/sertsc.org.br\/site\/wp-json\/wp\/v2\/types\/post"}],"author":[{"embeddable":true,"href":"https:\/\/sertsc.org.br\/site\/wp-json\/wp\/v2\/users\/1"}],"replies":[{"embeddable":true,"href":"https:\/\/sertsc.org.br\/site\/wp-json\/wp\/v2\/comments?post=4089"}],"version-history":[{"count":0,"href":"https:\/\/sertsc.org.br\/site\/wp-json\/wp\/v2\/posts\/4089\/revisions"}],"wp:featuredmedia":[{"embeddable":true,"href":"https:\/\/sertsc.org.br\/site\/wp-json\/"}],"wp:attachment":[{"href":"https:\/\/sertsc.org.br\/site\/wp-json\/wp\/v2\/media?parent=4089"}],"wp:term":[{"taxonomy":"category","embeddable":true,"href":"https:\/\/sertsc.org.br\/site\/wp-json\/wp\/v2\/categories?post=4089"},{"taxonomy":"post_tag","embeddable":true,"href":"https:\/\/sertsc.org.br\/site\/wp-json\/wp\/v2\/tags?post=4089"}],"curies":[{"name":"wp","href":"https:\/\/api.w.org\/{rel}","templated":true}]}}