{"id":4068,"date":"2017-03-24T09:04:15","date_gmt":"2017-03-24T12:04:15","guid":{"rendered":"http:\/\/www.sertsc.org.br\/site\/?p=4068"},"modified":"2017-03-24T09:04:15","modified_gmt":"2017-03-24T12:04:15","slug":"mp-que-facilita-renovacao-de-outorgas-vai-a-sancao","status":"publish","type":"post","link":"https:\/\/sertsc.org.br\/site\/mp-que-facilita-renovacao-de-outorgas-vai-a-sancao\/","title":{"rendered":"MP que facilita renova\u00e7\u00e3o de outorgas vai \u00e0 san\u00e7\u00e3o"},"content":{"rendered":"<div class=\"itemIntroText\">\n<p style=\"text-align: justify;\">A Medida Provis\u00f3ria 747, que simplifica os processos de renova\u00e7\u00e3o de outorgas das emissoras de r\u00e1dio e TV, ser\u00e1 assinada pelo presidente Michel Temer, na pr\u00f3xima ter\u00e7a-feira (28), \u00e0s 15h, no Pal\u00e1cio do Planalto, em Bras\u00edlia.<\/p>\n<\/div>\n<div class=\"itemFullText\">\n<p style=\"text-align: justify;\">A cerim\u00f4nia de san\u00e7\u00e3o presidencial dever\u00e1 reunir 200 radiodifusores que comemorar\u00e3o uma das maiores conquistas para o setor nos \u00faltimos 50 anos.<\/p>\n<p style=\"text-align: justify;\">Antes da cerim\u00f4nia, em reuni\u00e3o com o Conselho Superior, a ABERT homenagear\u00e1 o ministro Gilberto Kassab pelo apoio dado \u00e0 moderniza\u00e7\u00e3o do ambiente regulat\u00f3rio.<\/p>\n<p style=\"text-align: justify;\"><strong>Sobre a MP 747<\/strong><\/p>\n<p style=\"text-align: justify;\">O texto aprovado &#8211; e que n\u00e3o dever\u00e1 sofrer vetos do presidente Temer -, traz in\u00fameras simplifica\u00e7\u00f5es e melhorias para o setor de radiodifus\u00e3o.<\/p>\n<p style=\"text-align: justify;\">H\u00e1 mais de dez anos, a ABERT trabalha junto \u00e0s autoridades em busca de apoio para a ado\u00e7\u00e3o de uma regra clara sobre os prazos para o ingresso dos pedidos de renova\u00e7\u00e3o de outorga.<\/p>\n<p style=\"text-align: justify;\">A MP 747 atendeu ao pleito setorial, permitindo que milhares de emissoras que perderam o prazo de renova\u00e7\u00e3o possam regularizar suas outorgas. &#8220;Anteriormente, as emissoras tinham que apresentar o requerimento entre seis e tr\u00eas meses de anteced\u00eancia \u00e0 data de vencimento da outorga, o que trazia in\u00fameros inconvenientes. O prazo agora ser\u00e1 de doze meses anteriores \u00e0 data de vencimento, o que facilitar\u00e1 a sua contagem\u201d, explicou o diretor geral da ABERT, Luis Roberto Antonik.<\/p>\n<p style=\"text-align: justify;\">As emissoras com outorgas vencidas ter\u00e3o prazo de 90 dias para a regulariza\u00e7\u00e3o da situa\u00e7\u00e3o junto ao MCTIC. Outra simplifica\u00e7\u00e3o importante ser\u00e1 a dispensa da anu\u00eancia pr\u00e9via nos casos de transfer\u00eancia indireta, medida que eliminar\u00e1 milhares de processos administrativos.<\/p>\n<p style=\"text-align: justify;\">Ap\u00f3s a san\u00e7\u00e3o presidencial, a ABERT informar\u00e1 os radiodifusores sobre outros pontos previstos pela MP, considerados um avan\u00e7o para o setor.<\/p>\n<p style=\"text-align: justify;\">Fonte: ABERT.<\/p>\n<\/div>\n","protected":false},"excerpt":{"rendered":"<p>A Medida Provis\u00f3ria 747, que simplifica os processos de renova\u00e7\u00e3o&hellip;<\/p>\n<p> <a class=\"more-link\" href=\"https:\/\/sertsc.org.br\/site\/mp-que-facilita-renovacao-de-outorgas-vai-a-sancao\/\">Leia mais<\/a><\/p>\n","protected":false},"author":1,"featured_media":4069,"comment_status":"closed","ping_status":"open","sticky":false,"template":"","format":"standard","meta":{"footnotes":""},"categories":[33],"tags":[],"class_list":{"0":"post-4068","1":"post","2":"type-post","3":"status-publish","4":"format-standard","5":"has-post-thumbnail","7":"category-destaques"},"_links":{"self":[{"href":"https:\/\/sertsc.org.br\/site\/wp-json\/wp\/v2\/posts\/4068","targetHints":{"allow":["GET"]}}],"collection":[{"href":"https:\/\/sertsc.org.br\/site\/wp-json\/wp\/v2\/posts"}],"about":[{"href":"https:\/\/sertsc.org.br\/site\/wp-json\/wp\/v2\/types\/post"}],"author":[{"embeddable":true,"href":"https:\/\/sertsc.org.br\/site\/wp-json\/wp\/v2\/users\/1"}],"replies":[{"embeddable":true,"href":"https:\/\/sertsc.org.br\/site\/wp-json\/wp\/v2\/comments?post=4068"}],"version-history":[{"count":0,"href":"https:\/\/sertsc.org.br\/site\/wp-json\/wp\/v2\/posts\/4068\/revisions"}],"wp:featuredmedia":[{"embeddable":true,"href":"https:\/\/sertsc.org.br\/site\/wp-json\/"}],"wp:attachment":[{"href":"https:\/\/sertsc.org.br\/site\/wp-json\/wp\/v2\/media?parent=4068"}],"wp:term":[{"taxonomy":"category","embeddable":true,"href":"https:\/\/sertsc.org.br\/site\/wp-json\/wp\/v2\/categories?post=4068"},{"taxonomy":"post_tag","embeddable":true,"href":"https:\/\/sertsc.org.br\/site\/wp-json\/wp\/v2\/tags?post=4068"}],"curies":[{"name":"wp","href":"https:\/\/api.w.org\/{rel}","templated":true}]}}