{"id":4065,"date":"2017-03-24T08:34:21","date_gmt":"2017-03-24T11:34:21","guid":{"rendered":"http:\/\/www.sertsc.org.br\/site\/?p=4065"},"modified":"2017-03-24T08:34:21","modified_gmt":"2017-03-24T11:34:21","slug":"45-emissoras-mineiras-assinam-migracao-nesta-sexta","status":"publish","type":"post","link":"https:\/\/sertsc.org.br\/site\/45-emissoras-mineiras-assinam-migracao-nesta-sexta\/","title":{"rendered":"45 emissoras Mineiras assinam Migra\u00e7\u00e3o nesta sexta"},"content":{"rendered":"<p style=\"text-align: justify;\">Nesta sexta-feira, em Belo Horizonte, representantes de 45 emissoras de r\u00e1dio estar\u00e3o reunidas no audit\u00f3rio da Academia Mineira de Letras com o Ministro das Comunica\u00e7\u00f5es, Gilberto Kassab, para assinatura do termo aditivo de outorga de Migra\u00e7\u00e3o do AM para o FM.<\/p>\n<p style=\"text-align: justify;\">Assinado o termo, as emissoras ter\u00e3o at\u00e9 120 dias para apresentar o Projeto T\u00e9cnico de Instala\u00e7\u00e3o das novas FMs, conforme Portaria MC N\u00ba 159, de 11 de junho de 2013.<\/p>\n<p style=\"text-align: justify;\">Ap\u00f3s receberem a emiss\u00e3o do Ato de Uso de RF, haver\u00e1 simultaneidade de programa\u00e7\u00e3o entre AM e FM por at\u00e9 180 dias, contados da publica\u00e7\u00e3o do documento. Ap\u00f3s este per\u00edodo as transmiss\u00f5es em AM dever\u00e3o ser interrompidas.<\/p>\n<p style=\"text-align: justify;\">A Diretoria de R\u00e1dio da SET se congratula com os radiodifusores mineiros e em especial ao Presidente da AMIRT \u2013 Mayrinck Pinto de Aguiar Jr, pelo esfor\u00e7o de coordena\u00e7\u00e3o de mais definitivo passo no relacionamento MCTIC e a Radiodifus\u00e3o.<\/p>\n<p style=\"text-align: justify;\">Confira a lista atualizada <a href=\"http:\/\/www.set.org.br\/wp-content\/uploads\/2017\/03\/Lista-atualizada-da-Migra%C3%A7%C3%A3o_MG.pdf\" target=\"_blank\" rel=\"noopener noreferrer\">aqui<\/a>.<\/p>\n<p style=\"text-align: justify;\">\n<p style=\"text-align: justify;\">Fonte: SET NEWS<\/p>\n","protected":false},"excerpt":{"rendered":"<p>Nesta sexta-feira, em Belo Horizonte, representantes de 45 emissoras de&hellip;<\/p>\n<p> <a class=\"more-link\" href=\"https:\/\/sertsc.org.br\/site\/45-emissoras-mineiras-assinam-migracao-nesta-sexta\/\">Leia mais<\/a><\/p>\n","protected":false},"author":1,"featured_media":4066,"comment_status":"closed","ping_status":"open","sticky":false,"template":"","format":"standard","meta":{"footnotes":""},"categories":[3],"tags":[],"class_list":{"0":"post-4065","1":"post","2":"type-post","3":"status-publish","4":"format-standard","5":"has-post-thumbnail","7":"category-noticias"},"_links":{"self":[{"href":"https:\/\/sertsc.org.br\/site\/wp-json\/wp\/v2\/posts\/4065","targetHints":{"allow":["GET"]}}],"collection":[{"href":"https:\/\/sertsc.org.br\/site\/wp-json\/wp\/v2\/posts"}],"about":[{"href":"https:\/\/sertsc.org.br\/site\/wp-json\/wp\/v2\/types\/post"}],"author":[{"embeddable":true,"href":"https:\/\/sertsc.org.br\/site\/wp-json\/wp\/v2\/users\/1"}],"replies":[{"embeddable":true,"href":"https:\/\/sertsc.org.br\/site\/wp-json\/wp\/v2\/comments?post=4065"}],"version-history":[{"count":0,"href":"https:\/\/sertsc.org.br\/site\/wp-json\/wp\/v2\/posts\/4065\/revisions"}],"wp:featuredmedia":[{"embeddable":true,"href":"https:\/\/sertsc.org.br\/site\/wp-json\/"}],"wp:attachment":[{"href":"https:\/\/sertsc.org.br\/site\/wp-json\/wp\/v2\/media?parent=4065"}],"wp:term":[{"taxonomy":"category","embeddable":true,"href":"https:\/\/sertsc.org.br\/site\/wp-json\/wp\/v2\/categories?post=4065"},{"taxonomy":"post_tag","embeddable":true,"href":"https:\/\/sertsc.org.br\/site\/wp-json\/wp\/v2\/tags?post=4065"}],"curies":[{"name":"wp","href":"https:\/\/api.w.org\/{rel}","templated":true}]}}