{"id":4058,"date":"2017-03-23T08:10:08","date_gmt":"2017-03-23T11:10:08","guid":{"rendered":"http:\/\/www.sertsc.org.br\/site\/?p=4058"},"modified":"2017-03-23T08:10:08","modified_gmt":"2017-03-23T11:10:08","slug":"em-sao-paulo-87-dos-beneficiarios-do-cadastro-unico-ja-assiste-tv-digital","status":"publish","type":"post","link":"https:\/\/sertsc.org.br\/site\/em-sao-paulo-87-dos-beneficiarios-do-cadastro-unico-ja-assiste-tv-digital\/","title":{"rendered":"Em S\u00e3o Paulo, 87% dos benefici\u00e1rios do Cadastro \u00danico j\u00e1 assiste TV digital"},"content":{"rendered":"<p style=\"text-align: justify;\">A Abert tem demonstrado preocupa\u00e7\u00e3o com o desligamento da TV anal\u00f3gica em S\u00e3o Paulo em fun\u00e7\u00e3o da quantidade de pessoas que possivelmente n\u00e3o ter\u00e3o recebido o kit de digitaliza\u00e7\u00e3o. Na grande S\u00e3o Paulo, a estimativa da EAD \u00e9 de que haja cerca de 1,8 milh\u00e3o eleg\u00edveis para receber os equipamentos gratuitamente, entre os benefici\u00e1rios do Bolsa Fam\u00edlia e do Cadastro \u00danico eleg\u00edveis. Na semana passada, 44% dos kits haviam sido distribu\u00eddos. A EAD estima que at\u00e9 a data do desligamento, na semana que vem, metade dos kits previstos estar\u00e3o distribu\u00eddos. A preocupa\u00e7\u00e3o dos radiodifusores \u00e9 com a outra metade. Normalmente, a EAD tenta deixar todos os kits entregues na data, mas para S\u00e3o Paulo houve atraso na entrega dos equipamentos e a distribui\u00e7\u00e3o come\u00e7ou depois do desej\u00e1vel.<\/p>\n<p style=\"text-align: justify;\">Mas o problema colocado pelas emissoras de TV pode n\u00e3o ser um problema de fato, pois alguns n\u00fameros pesquisados pelo Ibope mostram que boa parte da popula\u00e7\u00e3o eleg\u00edvel muito provavelmente n\u00e3o tem necessidade efetiva dos kits para sintonizar a TV digital, ainda que o direito de t\u00ea-los permane\u00e7a.<\/p>\n<p style=\"text-align: justify;\">Segundo apurou este notici\u00e1rio, o Ibope constatou que 77% dos benefici\u00e1rios do Bolsa Fam\u00edlia j\u00e1 est\u00e1 digitalizado, e esse percentual sobe a 87% no Cadastro \u00danico. S\u00e3o Paulo \u00e9 a cidade em que a TV digital existe h\u00e1 mais tempo (desde 2008), e tamb\u00e9m aquela que tem umas das melhores cobertura de sinal e maior quantidade de canais digitais, ou seja, mais emissoras operando na tecnologia, sem falar em uma penetra\u00e7\u00e3o maior de TV por assinatura. Com isso, os \u00edndices de digitaliza\u00e7\u00e3o na cidade, mesmo entre as faixas mais baixas de renda, \u00e9 maior.<\/p>\n<p style=\"text-align: justify;\">A EAD, de qualquer maneira, \u00e9 obrigada a distribuir os kits a todos os benefici\u00e1rios eleg\u00edveis, e por isso ap\u00f3s o desligamento ser\u00e3o mantidos os pontos de distribui\u00e7\u00e3o por pelo menos mais 45 dias. Segundo apurou este notici\u00e1rio, na data do desligamento todos os kits previstos para a cidade estar\u00e3o em estoque. O \u00fanico gargalo ser\u00e1 mesmo a log\u00edstica de agendamento e distribui\u00e7\u00e3o dos kits por para os usu\u00e1rios que demandem os equipamentos, j\u00e1 que o volume de pessoas \u00e9 grande e n\u00e3o se sabe como ser\u00e1 a demanda efetiva. Mas a perspectiva de que essas pessoas n\u00e3o consigam assistir TV por conta do desligamento \u00e9 pequena, pois elas est\u00e3o digitalizadas.<\/p>\n<p style=\"text-align: justify;\">Outro fator que tem dado confian\u00e7a \u00e0 Anatel s\u00e3o os n\u00fameros de audi\u00eancia coletados pelo Ibope. Hoje, em S\u00e3o Paulo, a audi\u00eancia aos canais digitais est\u00e1 em 96%. Como compara\u00e7\u00e3o, esse \u00edndice era de 94% em Bras\u00edlia na mesma fase do pr\u00e9-desligamento. O \u00edndice n\u00e3o \u00e9 compar\u00e1vel \u00e0 medi\u00e7\u00e3o de domic\u00edlios aptos para receber o sinal digital porque s\u00e3o crit\u00e9rios diferentes, mas significa que se o desligamento fosse hoje, apenas 4% da popula\u00e7\u00e3o seria afetada.<\/p>\n<p style=\"text-align: justify;\">O desligamento ser\u00e1 realizado na pr\u00f3xima semana, dia 29 de mar\u00e7o, caso as pesquisas, que come\u00e7am a ser realizadas nos pr\u00f3ximos dias, mostrem um percentual de pelo menos 90% dos domic\u00edlios aptos ao sinal digital, pelos crit\u00e9rios definidos pelo Gired.<\/p>\n<p style=\"text-align: justify;\"><strong>Recurso<\/strong><\/p>\n<p style=\"text-align: justify;\">Estes crit\u00e9rios, ali\u00e1s, ainda s\u00e3o objeto de discuss\u00e3o. Os diferentes setores representados no Gired (Grupo de Implanta\u00e7\u00e3o da TV Digital) apresentaram as contrarraz\u00f5es para a Anatel em rela\u00e7\u00e3o ao recurso da Abert questionando a decis\u00e3o do Gired sobre os crit\u00e9rios da pesquisa final para o desligamento. O grupo havia deliberado que nesta pesquisa seriam consideradas as proje\u00e7\u00f5es de avan\u00e7o no percentual de domic\u00edlios aptos entre o dia em que a pesquisa \u00e9 realizada e a data efetive da desligamento. A Abert alega que isso traz inseguran\u00e7a em rela\u00e7\u00e3o ao percentual que efetivamente est\u00e1 preparado para a TV digital. As empresas de telecomunica\u00e7\u00f5es e a Abratel, que representa a Record e afiliadas, defendem a posi\u00e7\u00e3o tomada pelo Gired. A tend\u00eancia \u00e9 que o julgamento do recurso, contudo, precise de um posicionamento do Minist\u00e9rio de Ci\u00eancia, Tecnologia, Inova\u00e7\u00f5es e Comunica\u00e7\u00f5es (MCTIC).<\/p>\n","protected":false},"excerpt":{"rendered":"<p>A Abert tem demonstrado preocupa\u00e7\u00e3o com o desligamento da TV&hellip;<\/p>\n<p> <a class=\"more-link\" href=\"https:\/\/sertsc.org.br\/site\/em-sao-paulo-87-dos-beneficiarios-do-cadastro-unico-ja-assiste-tv-digital\/\">Leia mais<\/a><\/p>\n","protected":false},"author":1,"featured_media":4059,"comment_status":"closed","ping_status":"open","sticky":false,"template":"","format":"standard","meta":{"footnotes":""},"categories":[3],"tags":[],"class_list":{"0":"post-4058","1":"post","2":"type-post","3":"status-publish","4":"format-standard","5":"has-post-thumbnail","7":"category-noticias"},"_links":{"self":[{"href":"https:\/\/sertsc.org.br\/site\/wp-json\/wp\/v2\/posts\/4058","targetHints":{"allow":["GET"]}}],"collection":[{"href":"https:\/\/sertsc.org.br\/site\/wp-json\/wp\/v2\/posts"}],"about":[{"href":"https:\/\/sertsc.org.br\/site\/wp-json\/wp\/v2\/types\/post"}],"author":[{"embeddable":true,"href":"https:\/\/sertsc.org.br\/site\/wp-json\/wp\/v2\/users\/1"}],"replies":[{"embeddable":true,"href":"https:\/\/sertsc.org.br\/site\/wp-json\/wp\/v2\/comments?post=4058"}],"version-history":[{"count":0,"href":"https:\/\/sertsc.org.br\/site\/wp-json\/wp\/v2\/posts\/4058\/revisions"}],"wp:featuredmedia":[{"embeddable":true,"href":"https:\/\/sertsc.org.br\/site\/wp-json\/"}],"wp:attachment":[{"href":"https:\/\/sertsc.org.br\/site\/wp-json\/wp\/v2\/media?parent=4058"}],"wp:term":[{"taxonomy":"category","embeddable":true,"href":"https:\/\/sertsc.org.br\/site\/wp-json\/wp\/v2\/categories?post=4058"},{"taxonomy":"post_tag","embeddable":true,"href":"https:\/\/sertsc.org.br\/site\/wp-json\/wp\/v2\/tags?post=4058"}],"curies":[{"name":"wp","href":"https:\/\/api.w.org\/{rel}","templated":true}]}}