{"id":4024,"date":"2017-03-21T13:55:56","date_gmt":"2017-03-21T16:55:56","guid":{"rendered":"http:\/\/www.sertsc.org.br\/site\/?p=4024"},"modified":"2017-03-21T13:55:56","modified_gmt":"2017-03-21T16:55:56","slug":"distribuicao-de-kits-da-tv-digital-em-sao-paulo-atinge-44-da-meta","status":"publish","type":"post","link":"https:\/\/sertsc.org.br\/site\/distribuicao-de-kits-da-tv-digital-em-sao-paulo-atinge-44-da-meta\/","title":{"rendered":"Distribui\u00e7\u00e3o de kits da TV digital em S\u00e3o Paulo atinge 44% da meta"},"content":{"rendered":"<p style=\"text-align: justify;\">A 12 dias do desligamento do sinal anal\u00f3gico da TV aberta na cidade de S\u00e3o Paulo e mais 38 munic\u00edpios pr\u00f3ximos, a Entidade Administradora da Digitaliza\u00e7\u00e3o (EAD) j\u00e1 entregou mais de 44% dos kits para fam\u00edlias beneficiadas pelos programas sociais do governo federal. De acordo com o relat\u00f3rio do site Seja Digital, foram distribu\u00eddos at\u00e9 o in\u00edcio desta semana 816,4 mil conversores e antenas, de um total previsto de 1,8 milh\u00e3o. A maior parte dos conversores distribu\u00eddos \u00e9 na regi\u00e3o da grande S\u00e3o Paulo, onde a EAD estima haver uma car\u00eancia maior de domic\u00edlios efetivamente despreparados para a recep\u00e7\u00e3o digital. Na cidade de S\u00e3o paulo, apesar de haver um n\u00famero\u00a0 maior de domic\u00edlios eleg\u00edveis, h\u00e1 um grau maior de digitaliza\u00e7\u00e3o.<\/p>\n<p style=\"text-align: justify;\">O desligamento do sinal anal\u00f3gico est\u00e1 marcado para o pr\u00f3ximo dia 29, mas at\u00e9 o in\u00edcio de abril, est\u00e3o agendadas as entregas de mais 296.9 mil kits. A distribui\u00e7\u00e3o em S\u00e3o Paulo ser\u00e1 mantida at\u00e9 a primeira quinzena de maio. A expectativa \u00e9 que na data do desligamento ainda haja cerca de 800 mil pessoas eleg\u00edveis para retirarem os kits, ainda que o percentual tenha sido atingido, por isso a continuidade do trabalho de de distribui\u00e7\u00e3o.<\/p>\n<p style=\"text-align: justify;\">J\u00e1 em Goi\u00e2nia e mais 28 cidades pr\u00f3ximas, que ter\u00e3o o sinal anal\u00f3gico da TV aberta desligado em 31 de maio, a distribui\u00e7\u00e3o de kits j\u00e1 come\u00e7ou e alcan\u00e7ou 37% da popula\u00e7\u00e3o que tem direito a receber o conversor e antena gratuitamente. A EAD j\u00e1 entregou 97,3 mil dos 266,1 mil estimados.<\/p>\n<p style=\"text-align: justify;\">At\u00e9 agora, j\u00e1 foram entregues 1,3 milh\u00e3o de kits, de um total previsto de 7,5 milh\u00f5es de fam\u00edlias inscritas no cadastro \u00fanico dos programas sociais federais at\u00e9 o final do processo de digitaliza\u00e7\u00e3o.<\/p>\n<p style=\"text-align: justify;\">Fonte: Teletime.<\/p>\n","protected":false},"excerpt":{"rendered":"<p>A 12 dias do desligamento do sinal anal\u00f3gico da TV&hellip;<\/p>\n<p> <a class=\"more-link\" href=\"https:\/\/sertsc.org.br\/site\/distribuicao-de-kits-da-tv-digital-em-sao-paulo-atinge-44-da-meta\/\">Leia mais<\/a><\/p>\n","protected":false},"author":1,"featured_media":4026,"comment_status":"closed","ping_status":"open","sticky":false,"template":"","format":"standard","meta":{"footnotes":""},"categories":[3],"tags":[],"class_list":{"0":"post-4024","1":"post","2":"type-post","3":"status-publish","4":"format-standard","5":"has-post-thumbnail","7":"category-noticias"},"_links":{"self":[{"href":"https:\/\/sertsc.org.br\/site\/wp-json\/wp\/v2\/posts\/4024","targetHints":{"allow":["GET"]}}],"collection":[{"href":"https:\/\/sertsc.org.br\/site\/wp-json\/wp\/v2\/posts"}],"about":[{"href":"https:\/\/sertsc.org.br\/site\/wp-json\/wp\/v2\/types\/post"}],"author":[{"embeddable":true,"href":"https:\/\/sertsc.org.br\/site\/wp-json\/wp\/v2\/users\/1"}],"replies":[{"embeddable":true,"href":"https:\/\/sertsc.org.br\/site\/wp-json\/wp\/v2\/comments?post=4024"}],"version-history":[{"count":0,"href":"https:\/\/sertsc.org.br\/site\/wp-json\/wp\/v2\/posts\/4024\/revisions"}],"wp:featuredmedia":[{"embeddable":true,"href":"https:\/\/sertsc.org.br\/site\/wp-json\/"}],"wp:attachment":[{"href":"https:\/\/sertsc.org.br\/site\/wp-json\/wp\/v2\/media?parent=4024"}],"wp:term":[{"taxonomy":"category","embeddable":true,"href":"https:\/\/sertsc.org.br\/site\/wp-json\/wp\/v2\/categories?post=4024"},{"taxonomy":"post_tag","embeddable":true,"href":"https:\/\/sertsc.org.br\/site\/wp-json\/wp\/v2\/tags?post=4024"}],"curies":[{"name":"wp","href":"https:\/\/api.w.org\/{rel}","templated":true}]}}