{"id":4010,"date":"2017-03-21T09:56:10","date_gmt":"2017-03-21T12:56:10","guid":{"rendered":"http:\/\/www.sertsc.org.br\/site\/?p=4010"},"modified":"2017-03-21T09:56:10","modified_gmt":"2017-03-21T12:56:10","slug":"migrantes-iniciam-desligamento-e-entrega-das-concessoes-am-em-santa-catarina","status":"publish","type":"post","link":"https:\/\/sertsc.org.br\/site\/migrantes-iniciam-desligamento-e-entrega-das-concessoes-am-em-santa-catarina\/","title":{"rendered":"Migrantes iniciam desligamento e entrega das concess\u00f5es AM em Santa Catarina"},"content":{"rendered":"<p style=\"text-align: justify;\">Ap\u00f3s ter sido pioneira da migra\u00e7\u00e3o AM-FM no pa\u00eds, a R\u00e1dio Clube FM 98.3 de Lages deu o \u00faltimo passo do processo desligando o seu transmissor AM. Ap\u00f3s quase 70 anos transmitindo em AM 690, a emissora passa a ser transmitida somente no dial FM.<\/p>\n<div style=\"text-align: justify;\">O encerramento foi realizado pelo Grupo SCC na manh\u00e3 desta segunda-feira (20). O in\u00edcio do processo de migra\u00e7\u00e3o aconteceu h\u00e1 mais de um ano e em agosto do ano passado a programa\u00e7\u00e3o da R\u00e1dio passou a ser transmitida nas duas frequ\u00eancias- AM e FM- at\u00e9 que tudo fosse adequado para o desligamento definitivo da transmiss\u00e3o em AM.<\/div>\n<div style=\"text-align: justify;\"><\/div>\n<div style=\"text-align: justify;\">O ato de desligamento do transmissor em AM foi acompanhado pelo presidente do SCC Roberto Amaral, vice-presidente de produto Beto Amaral, pelos comunicadores Manoel Correa (Maneca) e Daniel Goulart, al\u00e9m da equipe t\u00e9cnica e de engenheiros que trabalharam diretamente nessa migra\u00e7\u00e3o.<\/div>\n<div style=\"text-align: justify;\"><\/div>\n<div style=\"text-align: justify;\">\u201c\u00c9 muito gratificante acompanhar esse processo de evolu\u00e7\u00e3o e melhoria na qualidade da transmiss\u00e3o da R\u00e1dio Clube de Lages que, por quase 70 anos, levou informa\u00e7\u00e3o na pot\u00eancia operando em AM 690. Agora na frequ\u00eancia em FM esperamos pelos pr\u00f3ximos 70 anos de hist\u00f3ria da R\u00e1dio Clube, sem nunca desligar sua principal caracter\u00edstica, que \u00e9 ser a voz do povo serrano\u201d, destacou Roberto Amaral.<\/div>\n<div style=\"text-align: justify;\"><\/div>\n<div style=\"text-align: justify;\">A migra\u00e7\u00e3o das r\u00e1dios que operam na faixa AM para o espectro das FMs foi motivada devido \u00e0 presen\u00e7a de interfer\u00eancias que acabam inviabilizando a sintonia das esta\u00e7\u00f5es por parte dos ouvintes. \u201cA R\u00e1dio Clube est\u00e1 evoluindo e trabalhamos muito em cima de planejamento, aquisi\u00e7\u00e3o de equipamentos e instala\u00e7\u00e3o para que hoje esse ciclo fosse encerrado. A R\u00e1dio Clube AM deixa de existir e o processo de migra\u00e7\u00e3o foi conclu\u00eddo com sucesso\u201d, disse Beto Amaral.<\/div>\n<div style=\"text-align: justify;\"><\/div>\n<div style=\"text-align: justify;\">Fonte: Tudo R\u00e1dio.<\/div>\n","protected":false},"excerpt":{"rendered":"<p>Ap\u00f3s ter sido pioneira da migra\u00e7\u00e3o AM-FM no pa\u00eds, a&hellip;<\/p>\n<p> <a class=\"more-link\" href=\"https:\/\/sertsc.org.br\/site\/migrantes-iniciam-desligamento-e-entrega-das-concessoes-am-em-santa-catarina\/\">Leia mais<\/a><\/p>\n","protected":false},"author":1,"featured_media":4011,"comment_status":"closed","ping_status":"open","sticky":false,"template":"","format":"standard","meta":{"footnotes":""},"categories":[3],"tags":[],"class_list":{"0":"post-4010","1":"post","2":"type-post","3":"status-publish","4":"format-standard","5":"has-post-thumbnail","7":"category-noticias"},"_links":{"self":[{"href":"https:\/\/sertsc.org.br\/site\/wp-json\/wp\/v2\/posts\/4010","targetHints":{"allow":["GET"]}}],"collection":[{"href":"https:\/\/sertsc.org.br\/site\/wp-json\/wp\/v2\/posts"}],"about":[{"href":"https:\/\/sertsc.org.br\/site\/wp-json\/wp\/v2\/types\/post"}],"author":[{"embeddable":true,"href":"https:\/\/sertsc.org.br\/site\/wp-json\/wp\/v2\/users\/1"}],"replies":[{"embeddable":true,"href":"https:\/\/sertsc.org.br\/site\/wp-json\/wp\/v2\/comments?post=4010"}],"version-history":[{"count":0,"href":"https:\/\/sertsc.org.br\/site\/wp-json\/wp\/v2\/posts\/4010\/revisions"}],"wp:featuredmedia":[{"embeddable":true,"href":"https:\/\/sertsc.org.br\/site\/wp-json\/"}],"wp:attachment":[{"href":"https:\/\/sertsc.org.br\/site\/wp-json\/wp\/v2\/media?parent=4010"}],"wp:term":[{"taxonomy":"category","embeddable":true,"href":"https:\/\/sertsc.org.br\/site\/wp-json\/wp\/v2\/categories?post=4010"},{"taxonomy":"post_tag","embeddable":true,"href":"https:\/\/sertsc.org.br\/site\/wp-json\/wp\/v2\/tags?post=4010"}],"curies":[{"name":"wp","href":"https:\/\/api.w.org\/{rel}","templated":true}]}}