{"id":4002,"date":"2017-03-20T10:41:26","date_gmt":"2017-03-20T13:41:26","guid":{"rendered":"http:\/\/www.sertsc.org.br\/site\/?p=4002"},"modified":"2017-03-20T10:41:26","modified_gmt":"2017-03-20T13:41:26","slug":"portaria-define-a-numeracao-dos-canais-virtuais-das-emissoras-de-sao-paulo","status":"publish","type":"post","link":"https:\/\/sertsc.org.br\/site\/portaria-define-a-numeracao-dos-canais-virtuais-das-emissoras-de-sao-paulo\/","title":{"rendered":"Portaria define a numera\u00e7\u00e3o dos canais virtuais das emissoras de S\u00e3o Paulo"},"content":{"rendered":"<p style=\"text-align: justify;\"><strong>Norma publicada no Di\u00e1rio Oficial da Uni\u00e3o (DOU) estipula que emissoras ter\u00e3o at\u00e9 dez dias para se adequar aos n\u00fameros virtuais. N\u00fameros dos canais ser\u00e3o divulgados durante a campanha de desligamento do sinal anal\u00f3gico.<\/strong><\/p>\n<div class=\"conteudo-noticia\" style=\"text-align: justify;\">\n<p>O Minist\u00e9rio da Ci\u00eancia, Tecnologia Inova\u00e7\u00f5es e Comunica\u00e7\u00f5es (MCTIC) publicou no Di\u00e1rio Oficial da Uni\u00e3o (DOU) da sexta-feira (17) a Portaria n\u00ba 1289, que define a numera\u00e7\u00e3o dos canais virtuais das emissoras em S\u00e3o Paulo (SP) e aprova regras de utiliza\u00e7\u00e3o dessas esta\u00e7\u00f5es. As emissoras dever\u00e3o, necessariamente, utilizar a numera\u00e7\u00e3o definida pela portaria e\u00a0ter\u00e3o dez dias para se adequar \u00e0s normas.<\/p>\n<p>&#8220;O canal virtual \u00e9 uma informa\u00e7\u00e3o que vai junto do sinal e vai indicar para conversor do telespectador qual \u00e9 o canal em que vai ser exibida a programa\u00e7\u00e3o&#8221;, disse o coordenador-geral substituto de Televis\u00e3o Digital da Secretaria de Radiodifus\u00e3o do MCTIC, Roberto Ramos Colletti.<\/p>\n<p>A portaria estipula que o n\u00famero do canal virtual tem que ser o mesmo do canal anal\u00f3gico da entidade. No caso das emissoras que nunca tiveram sinal anal\u00f3gico,\u00a0a numera\u00e7\u00e3o ser\u00e1 a mesma para os canais virtual e digital.\u00a0\u00a0Os n\u00fameros dos canais ser\u00e3o divulgados durante a campanha de desligamento do sinal anal\u00f3gico.<\/p>\n<p>&#8220;Se a emissora estiver utilizando um canal que \u00e9 diferente, ela vai\u00a0ter\u00a0que fazer a mudan\u00e7a.&#8221;, observou Colletti. &#8220;Se a entidade entrou direto no canal digital e nunca teve o canal anal\u00f3gico, o canal virtual dela vai\u00a0ter\u00a0que ser igual ao canal digital. Essa \u00e9 a regra imposta na portaria&#8221;, afirmou.<\/p>\n<p>Caso haja algum conflito com o n\u00famero de canal virtual, o MCTIC vai arbitrar a numera\u00e7\u00e3o. A Ag\u00eancia Nacional de Telecomunica\u00e7\u00f5es (Anatel) vai ser respons\u00e1vel por fiscalizar o cumprimento das regras estabelecidas.<\/p>\n<\/div>\n<div class=\"fonte-noticia\" style=\"text-align: justify;\">Fonte: MCTIC<\/div>\n","protected":false},"excerpt":{"rendered":"<p>Norma publicada no Di\u00e1rio Oficial da Uni\u00e3o (DOU) estipula que&hellip;<\/p>\n<p> <a class=\"more-link\" href=\"https:\/\/sertsc.org.br\/site\/portaria-define-a-numeracao-dos-canais-virtuais-das-emissoras-de-sao-paulo\/\">Leia mais<\/a><\/p>\n","protected":false},"author":1,"featured_media":4003,"comment_status":"closed","ping_status":"open","sticky":false,"template":"","format":"standard","meta":{"footnotes":""},"categories":[3],"tags":[],"class_list":{"0":"post-4002","1":"post","2":"type-post","3":"status-publish","4":"format-standard","5":"has-post-thumbnail","7":"category-noticias"},"_links":{"self":[{"href":"https:\/\/sertsc.org.br\/site\/wp-json\/wp\/v2\/posts\/4002","targetHints":{"allow":["GET"]}}],"collection":[{"href":"https:\/\/sertsc.org.br\/site\/wp-json\/wp\/v2\/posts"}],"about":[{"href":"https:\/\/sertsc.org.br\/site\/wp-json\/wp\/v2\/types\/post"}],"author":[{"embeddable":true,"href":"https:\/\/sertsc.org.br\/site\/wp-json\/wp\/v2\/users\/1"}],"replies":[{"embeddable":true,"href":"https:\/\/sertsc.org.br\/site\/wp-json\/wp\/v2\/comments?post=4002"}],"version-history":[{"count":0,"href":"https:\/\/sertsc.org.br\/site\/wp-json\/wp\/v2\/posts\/4002\/revisions"}],"wp:featuredmedia":[{"embeddable":true,"href":"https:\/\/sertsc.org.br\/site\/wp-json\/"}],"wp:attachment":[{"href":"https:\/\/sertsc.org.br\/site\/wp-json\/wp\/v2\/media?parent=4002"}],"wp:term":[{"taxonomy":"category","embeddable":true,"href":"https:\/\/sertsc.org.br\/site\/wp-json\/wp\/v2\/categories?post=4002"},{"taxonomy":"post_tag","embeddable":true,"href":"https:\/\/sertsc.org.br\/site\/wp-json\/wp\/v2\/tags?post=4002"}],"curies":[{"name":"wp","href":"https:\/\/api.w.org\/{rel}","templated":true}]}}