{"id":3764,"date":"2017-02-22T15:16:27","date_gmt":"2017-02-22T18:16:27","guid":{"rendered":"http:\/\/www.sertsc.org.br\/site\/?p=3764"},"modified":"2017-02-22T15:16:27","modified_gmt":"2017-02-22T18:16:27","slug":"primeira-turma-de-2017-da-unica-pos-de-radiodifusao-do-brasil-tem-inicio-no-proximo-dia-27","status":"publish","type":"post","link":"https:\/\/sertsc.org.br\/site\/primeira-turma-de-2017-da-unica-pos-de-radiodifusao-do-brasil-tem-inicio-no-proximo-dia-27\/","title":{"rendered":"Primeira turma de 2017 da \u00fanica P\u00f3s de Radiodifus\u00e3o do Brasil tem in\u00edcio no pr\u00f3ximo dia 27"},"content":{"rendered":"<div class=\"tm-article-content\">\n<p style=\"text-align: justify;\">Tem in\u00edcio no pr\u00f3ximo dia 27 de fevereiro a primeira turma do ano do curso de p\u00f3s-gradua\u00e7\u00e3o em Gest\u00e3o de Empresas Radiodifus\u00e3o &#8211; iniciativa in\u00e9dita entre a Federa\u00e7\u00e3o Nacional das Empresas de R\u00e1dio e Televis\u00e3o (FENAERT), UNINTER, Aerp e Abert.<\/p>\n<p style=\"text-align: justify;\">Estruturado em m\u00f3dulos, o curso permite novas matr\u00edculas em cada abertura de m\u00f3dulo, abrindo mais oportunidades aos interessados. As inscri\u00e7\u00f5es podem ser realizadas at\u00e9 o primeiro dia de aula atrav\u00e9s do site www.uninter.com\/radiosparceiras.<br \/>\nA parceria prev\u00ea tamb\u00e9m a forma de permuta como negocia\u00e7\u00e3o entre o Grupo Educacional e as r\u00e1dios, que poder\u00e3o veicular spots da mantenedora educacional em troca de cursos para seus radiodifusores. J\u00e1 s\u00e3o cerca de 200 r\u00e1dios de todas as regi\u00f5es brasileiras com alunos inscritos na p\u00f3s atrav\u00e9s do programa de permuta.<br \/>\nCom uma rede de apoio presencial que conta com mais de 440 polos em todos o Brasil, o Centro Educacional UNINTER e os parceiros esperam atingir o pa\u00eds todo com a iniciativa, qualificando cada vez mais o setor.<\/p>\n<p style=\"text-align: justify;\">Fonte: FENAERT.<\/p>\n<p style=\"text-align: justify;\">\n<div class=\"attachmentsContainer\"><\/div>\n<\/div>\n<div class=\"pweb_facebook_like\"><\/div>\n","protected":false},"excerpt":{"rendered":"<p>Tem in\u00edcio no pr\u00f3ximo dia 27 de fevereiro a primeira&hellip;<\/p>\n<p> <a class=\"more-link\" href=\"https:\/\/sertsc.org.br\/site\/primeira-turma-de-2017-da-unica-pos-de-radiodifusao-do-brasil-tem-inicio-no-proximo-dia-27\/\">Leia mais<\/a><\/p>\n","protected":false},"author":1,"featured_media":0,"comment_status":"closed","ping_status":"open","sticky":false,"template":"","format":"standard","meta":{"footnotes":""},"categories":[1],"tags":[],"class_list":{"0":"post-3764","1":"post","2":"type-post","3":"status-publish","4":"format-standard","6":"category-geral"},"_links":{"self":[{"href":"https:\/\/sertsc.org.br\/site\/wp-json\/wp\/v2\/posts\/3764","targetHints":{"allow":["GET"]}}],"collection":[{"href":"https:\/\/sertsc.org.br\/site\/wp-json\/wp\/v2\/posts"}],"about":[{"href":"https:\/\/sertsc.org.br\/site\/wp-json\/wp\/v2\/types\/post"}],"author":[{"embeddable":true,"href":"https:\/\/sertsc.org.br\/site\/wp-json\/wp\/v2\/users\/1"}],"replies":[{"embeddable":true,"href":"https:\/\/sertsc.org.br\/site\/wp-json\/wp\/v2\/comments?post=3764"}],"version-history":[{"count":0,"href":"https:\/\/sertsc.org.br\/site\/wp-json\/wp\/v2\/posts\/3764\/revisions"}],"wp:attachment":[{"href":"https:\/\/sertsc.org.br\/site\/wp-json\/wp\/v2\/media?parent=3764"}],"wp:term":[{"taxonomy":"category","embeddable":true,"href":"https:\/\/sertsc.org.br\/site\/wp-json\/wp\/v2\/categories?post=3764"},{"taxonomy":"post_tag","embeddable":true,"href":"https:\/\/sertsc.org.br\/site\/wp-json\/wp\/v2\/tags?post=3764"}],"curies":[{"name":"wp","href":"https:\/\/api.w.org\/{rel}","templated":true}]}}