{"id":3753,"date":"2017-02-22T09:31:05","date_gmt":"2017-02-22T12:31:05","guid":{"rendered":"http:\/\/www.sertsc.org.br\/site\/?p=3753"},"modified":"2017-02-22T09:31:05","modified_gmt":"2017-02-22T12:31:05","slug":"relatorio-abert-violencia-contra-jornalistas-em-2016-aumenta-mais-de-60","status":"publish","type":"post","link":"https:\/\/sertsc.org.br\/site\/relatorio-abert-violencia-contra-jornalistas-em-2016-aumenta-mais-de-60\/","title":{"rendered":"Relat\u00f3rio ABERT: viol\u00eancia contra jornalistas em 2016 aumenta mais de 60%"},"content":{"rendered":"<div class=\"itemIntroText\">\n<p style=\"text-align: justify;\">Apesar de o n\u00famero de assassinatos de jornalistas no Brasil ter ca\u00eddo de oito em 2015 para dois em 2016, o total de casos de viol\u00eancia n\u00e3o-letal contra os profissionais da imprensa aumentou 62,26% em 2016, se comparado com o ano anterior.<\/p>\n<\/div>\n<div class=\"itemFullText\">\n<p style=\"text-align: justify;\">Os registros de agress\u00f5es f\u00edsicas, atentados, ataques, amea\u00e7as e intimida\u00e7\u00f5es passaram de 106 em 2015 para 172 em 2016. Pelo menos 261 profissionais e ve\u00edculos de comunica\u00e7\u00e3o sofreram algum tipo de viol\u00eancia n\u00e3o-letal.<\/p>\n<p style=\"text-align: justify;\">Os dados est\u00e3o no relat\u00f3rio anual da ABERT sobre Viola\u00e7\u00f5es \u00e0 Liberdade de Express\u00e3o, lan\u00e7ado nesta ter\u00e7a-feira (21), em Bras\u00edlia (DF).<\/p>\n<p style=\"text-align: justify;\">O levantamento chama aten\u00e7\u00e3o para o perfil dos agressores. Os agentes p\u00fablicos, que deveriam zelar pela seguran\u00e7a do cidad\u00e3o, s\u00e3o os que mais amea\u00e7am, intimidam e agridem profissionais da comunica\u00e7\u00e3o, mesmo quando identificados com o crach\u00e1 de imprensa. Os manifestantes aparecem em seguida na lista de agressores. Os profissionais de TV, jornal e r\u00e1dios s\u00e3o as maiores v\u00edtimas.<\/p>\n<p>\u201cEssa incompreens\u00e3o dos agentes de seguran\u00e7a p\u00fablica em rela\u00e7\u00e3o ao real papel dos profissionais da imprensa talvez seja um dos mais graves problemas que devem ser enfrentados. A inclus\u00e3o, nos treinamentos, sobre como tratar os profissionais e ve\u00edculos de comunica\u00e7\u00e3o na cobertura de eventos p\u00fablicos seria extremamente relevante e atenuaria os casos que estamos lamentavelmente relatando\u201d, afirmou o presidente da ABERT, Paulo Tonet Camargo, em coletiva \u00e0 imprensa.<\/p>\n<p>Os n\u00fameros confirmam os estudos divulgados por entidades internacionais que atuam em defesa dos jornalistas. De acordo com an\u00e1lise dos \u00faltimos cinco anos, feita pela organiza\u00e7\u00e3o Rep\u00f3rteres Sem Fronteiras (RSF), o Brasil ocupa um triste lugar de destaque no ranking dos pa\u00edses mais perigosos para o exerc\u00edcio do jornalismo: \u00e9 o 2\u00ba mais violento da Am\u00e9rica Latina, atr\u00e1s apenas do M\u00e9xico.<\/p>\n<p>Apesar da redu\u00e7\u00e3o no n\u00famero de mortes de jornalistas em 2016, a Press Emblaim Campaign coloca o Brasil entre os 10 pa\u00edses mais perigosos do mundo para os jornalistas. O Comit\u00ea para a Prote\u00e7\u00e3o de Jornalistas (CPJ) e a Federa\u00e7\u00e3o Internacional de Jornalistas (FIJ) alertam para o aumento de outros tipos de viol\u00eancia contra profissionais da imprensa.<\/p>\n<p>A frequ\u00eancia e a escalada das agress\u00f5es preocupam a ABERT, que considera inaceit\u00e1vel a tentativa de impedir a atua\u00e7\u00e3o dos profissionais da comunica\u00e7\u00e3o na cobertura de fatos de interesse da sociedade.<\/p>\n<p>\u201cH\u00e1 uma dificuldade de compreens\u00e3o do real papel da imprensa no estado democr\u00e1tico de direito. As empresas e os profissionais da comunica\u00e7\u00e3o n\u00e3o s\u00e3o os \u00fanicos prejudicados. A sociedade brasileira, como um todo, perde, pois deixa de ser informada. Al\u00e9m de infringir o direito constitucional de acesso \u00e0 informa\u00e7\u00e3o, qualquer ato de intimida\u00e7\u00e3o ou ataque ao trabalho jornal\u00edstico \u00e9 uma amea\u00e7a \u00e0 liberdade de imprensa e de express\u00e3o, um dos pilares da democracia&#8221;, afirmou Tonet.<\/p>\n<p style=\"text-align: justify;\">A edi\u00e7\u00e3o deste ano do Relat\u00f3rio ABERT compila os casos que aconteceram durante todo o ano de 2016, de janeiro a dezembro, e apresenta, ainda, dois cap\u00edtulos tratados separadamente: os casos de viol\u00eancia contra a imprensa no per\u00edodo das Olimp\u00edadas e a trag\u00e9dia do voo da Chapecoense, considerada a pior do jornalismo brasileiro.<\/p>\n<p>De acordo com o diretor-geral da ABERT, Luis Roberto Antonik, o relat\u00f3rio segue um padr\u00e3o internacional de averigua\u00e7\u00e3o dos dados:<\/p>\n<p>\u201cSeguimos um padr\u00e3o r\u00edgido para fazer da ABERT uma refer\u00eancia no combate \u00e0s viola\u00e7\u00f5es \u00e0 liberdade de express\u00e3o\u201d, ressaltou Antonik.<\/p>\n<p>Para acessar a vers\u00e3o online do Relat\u00f3rio Viola\u00e7\u00f5es \u00e0 Liberdade de Express\u00e3o 2016, <a href=\"http:\/\/www.abert.org.br\/imprensa\/ABERT-RELATORIO-FINAL-WEB-PAGINACAO-INDIVIDUAL.pdf\" target=\"_blank\" rel=\"noopener noreferrer\">clique aqui<\/a>.<\/p>\n<\/div>\n<p style=\"text-align: justify;\">Fonte: ABERT.<\/p>\n","protected":false},"excerpt":{"rendered":"<p>Apesar de o n\u00famero de assassinatos de jornalistas no Brasil&hellip;<\/p>\n<p> <a class=\"more-link\" href=\"https:\/\/sertsc.org.br\/site\/relatorio-abert-violencia-contra-jornalistas-em-2016-aumenta-mais-de-60\/\">Leia mais<\/a><\/p>\n","protected":false},"author":1,"featured_media":0,"comment_status":"closed","ping_status":"open","sticky":false,"template":"","format":"standard","meta":{"footnotes":""},"categories":[1],"tags":[],"class_list":{"0":"post-3753","1":"post","2":"type-post","3":"status-publish","4":"format-standard","6":"category-geral"},"_links":{"self":[{"href":"https:\/\/sertsc.org.br\/site\/wp-json\/wp\/v2\/posts\/3753","targetHints":{"allow":["GET"]}}],"collection":[{"href":"https:\/\/sertsc.org.br\/site\/wp-json\/wp\/v2\/posts"}],"about":[{"href":"https:\/\/sertsc.org.br\/site\/wp-json\/wp\/v2\/types\/post"}],"author":[{"embeddable":true,"href":"https:\/\/sertsc.org.br\/site\/wp-json\/wp\/v2\/users\/1"}],"replies":[{"embeddable":true,"href":"https:\/\/sertsc.org.br\/site\/wp-json\/wp\/v2\/comments?post=3753"}],"version-history":[{"count":0,"href":"https:\/\/sertsc.org.br\/site\/wp-json\/wp\/v2\/posts\/3753\/revisions"}],"wp:attachment":[{"href":"https:\/\/sertsc.org.br\/site\/wp-json\/wp\/v2\/media?parent=3753"}],"wp:term":[{"taxonomy":"category","embeddable":true,"href":"https:\/\/sertsc.org.br\/site\/wp-json\/wp\/v2\/categories?post=3753"},{"taxonomy":"post_tag","embeddable":true,"href":"https:\/\/sertsc.org.br\/site\/wp-json\/wp\/v2\/tags?post=3753"}],"curies":[{"name":"wp","href":"https:\/\/api.w.org\/{rel}","templated":true}]}}