{"id":3744,"date":"2017-02-22T09:21:10","date_gmt":"2017-02-22T12:21:10","guid":{"rendered":"http:\/\/www.sertsc.org.br\/site\/?p=3744"},"modified":"2017-02-22T09:21:10","modified_gmt":"2017-02-22T12:21:10","slug":"camara-altera-regras-para-renovacao-e-outorga-de-concessao-de-tv-e-radio","status":"publish","type":"post","link":"https:\/\/sertsc.org.br\/site\/camara-altera-regras-para-renovacao-e-outorga-de-concessao-de-tv-e-radio\/","title":{"rendered":"C\u00e2mara altera regras para renova\u00e7\u00e3o e outorga de concess\u00e3o de TV e r\u00e1dio"},"content":{"rendered":"<p style=\"text-align: justify;\"><strong>Proposta resultante da Medida Provis\u00f3ria 747\/16 segue para an\u00e1lise do Senado. A MP perde validade no dia 12 de mar\u00e7o<\/strong><\/p>\n<p style=\"text-align: justify;\">O Plen\u00e1rio da C\u00e2mara dos Deputados aprovou, nesta ter\u00e7a-feira (21), a Medida Provis\u00f3ria 747\/16, que altera as regras dos processos de renova\u00e7\u00e3o de outorga dos servi\u00e7os de r\u00e1dio e televis\u00e3o previstas na Lei 5.785\/72.<\/p>\n<figure id=\"attachment_3745\" aria-describedby=\"caption-attachment-3745\" style=\"width: 300px\" class=\"wp-caption alignright\"><a href=\"http:\/\/www.sertsc.org.br\/site\/wp-content\/uploads\/2017\/02\/22.02.jpg\"><img fetchpriority=\"high\" decoding=\"async\" class=\"wp-image-3745 size-medium\" src=\"http:\/\/www.sertsc.org.br\/site\/wp-content\/uploads\/2017\/02\/22.02-300x197.jpg\" alt=\"22.02\" width=\"300\" height=\"197\" \/><\/a><figcaption id=\"caption-attachment-3745\" class=\"wp-caption-text\">L\u00facio Bernardo Junior\/C\u00e2mara dos Deputados<\/figcaption><\/figure>\n<p style=\"text-align: justify;\">Entre outras medidas, a MP permite a regulariza\u00e7\u00e3o das concess\u00f5es que est\u00e3o vencidas.<\/p>\n<p style=\"text-align: justify;\">A mat\u00e9ria, aprovada na forma do projeto de lei de convers\u00e3o do deputado Nilson Leit\u00e3o (PSDB-MT), ser\u00e1 enviada ao Senado. Ela perde validade no dia 12 de mar\u00e7o.<\/p>\n<p style=\"text-align: justify;\">O texto possibilita a essas emissoras regularizarem a situa\u00e7\u00e3o junto ao Minist\u00e9rio da Ci\u00eancia, Tecnologia, Inova\u00e7\u00f5es e Comunica\u00e7\u00f5es no prazo de 90 dias contados da data de san\u00e7\u00e3o da MP. A regulariza\u00e7\u00e3o, no entanto, s\u00f3 ser\u00e1 poss\u00edvel se o Congresso Nacional ainda n\u00e3o tiver deliberado sobre a extin\u00e7\u00e3o da outorga.<\/p>\n<p style=\"text-align: justify;\">Segundo o governo, a edi\u00e7\u00e3o da MP foi necess\u00e1ria devido ao ac\u00famulo de pedidos de extin\u00e7\u00e3o da concess\u00e3o que o Executivo deveria enviar ao Congresso pela falta de apresenta\u00e7\u00e3o da renova\u00e7\u00e3o pelas emissoras.<\/p>\n<p style=\"text-align: justify;\"><strong>Perda de outorga<\/strong><\/p>\n<p style=\"text-align: justify;\">Pelas regras constitucionais, a perda de outorga pelo descumprimento do prazo para sua renova\u00e7\u00e3o a pedido precisa do voto de 2\/5 dos parlamentares, o que \u201ccausaria um ac\u00famulo consider\u00e1vel de mat\u00e9rias, impedindo e atrasando debates de grande relev\u00e2ncia \u00e0 popula\u00e7\u00e3o\u201d.<\/p>\n<p style=\"text-align: justify;\">Os 90 dias tamb\u00e9m poder\u00e3o ser usados pelas emissoras que apresentaram a renova\u00e7\u00e3o fora do prazo legal (os chamados \u201cpedidos intempestivos\u201d), mesmo que as concess\u00f5es tenham sido declaradas extintas pelo Executivo, mas ainda n\u00e3o tenham sido analisadas pelo Congresso.<\/p>\n<p style=\"text-align: justify;\">No caso das emissoras com a concess\u00e3o em dia, o pedido de renova\u00e7\u00e3o poder\u00e1 ser feito durante os 12 meses anteriores ao vencimento da outorga. Vencida a outorga sem o pedido, o minist\u00e9rio vai notificar a emissora e abrir prazo de 90 dias para que ela se manifeste.<\/p>\n<p style=\"text-align: justify;\">Antes da MP, o prazo para apresentar o pedido de renova\u00e7\u00e3o ocorria entre seis e tr\u00eas meses anteriores ao t\u00e9rmino da outorga.<\/p>\n<p style=\"text-align: justify;\"><strong>Licen\u00e7a provis\u00f3ria<\/strong><\/p>\n<p style=\"text-align: justify;\">Pelo texto, as emissoras de r\u00e1dio e TV poder\u00e3o funcionar em \u201ccar\u00e1ter prec\u00e1rio\u201d caso a concess\u00e3o tenha vencido antes da decis\u00e3o sobre o pedido de renova\u00e7\u00e3o.<\/p>\n<p style=\"text-align: justify;\">Ou seja, a emissora ter\u00e1 uma licen\u00e7a provis\u00f3ria de funcionamento at\u00e9 a defini\u00e7\u00e3o da renova\u00e7\u00e3o da outorga pelo Minist\u00e9rio das Comunica\u00e7\u00f5es e pelo Congresso Nacional.<\/p>\n<p style=\"text-align: justify;\"><strong>Processo<\/strong><\/p>\n<p style=\"text-align: justify;\">Atualmente, as concess\u00f5es de radiodifus\u00e3o t\u00eam a dura\u00e7\u00e3o de 10 anos, no caso das r\u00e1dios, e 15 anos, no caso das TVs.<\/p>\n<p style=\"text-align: justify;\">De acordo com a Constitui\u00e7\u00e3o, compete ao governo outorgar e renovar as concess\u00f5es. Cabe ao Congresso apreciar a decis\u00e3o do Executivo. O ato de outorga ou renova\u00e7\u00e3o somente produz efeito legal ap\u00f3s delibera\u00e7\u00e3o da C\u00e2mara e do Senado.<\/p>\n<p style=\"text-align: justify;\">O relat\u00f3rio de Leit\u00e3o atribui o mesmo prazo da outorga para as permiss\u00f5es de radiodifus\u00e3o e retira do texto do C\u00f3digo Brasileiro de Telecomunica\u00e7\u00f5es (Lei 4.117\/62) a necessidade de as emissores cumprirem todas as obriga\u00e7\u00f5es legais e contratuais e manterem \u201cidoneidade t\u00e9cnica, financeira e moral, atendido o interesse p\u00fablico\u201d para a renova\u00e7\u00e3o.<\/p>\n<p style=\"text-align: justify;\">Ele tamb\u00e9m estende \u00e0s autoriza\u00e7\u00f5es a determina\u00e7\u00e3o de que pelo menos 70% do capital total e do capital votante perten\u00e7a, direta ou indiretamente, a brasileiros natos ou naturalizados h\u00e1 mais de dez anos, que dever\u00e3o exercer obrigatoriamente a gest\u00e3o das atividades e estabelecer o conte\u00fado da programa\u00e7\u00e3o.<br \/>\nReda\u00e7\u00e3o semelhante j\u00e1 constava do c\u00f3digo, mas se direciona \u00e0s concession\u00e1rias e permission\u00e1rias.<\/p>\n<p style=\"text-align: justify;\"><strong>Transfer\u00eancia<\/strong><\/p>\n<p style=\"text-align: justify;\">A MP 747 possibilita ainda que pedidos de transfer\u00eancia direta de outorga (que ocorre quando a emissora muda de controle e de raz\u00e3o social) possam ser analisados e aprovados mesmo nos casos em que o pedido de renova\u00e7\u00e3o ainda esteja tramitando. Nesse caso, a transfer\u00eancia s\u00f3 ser\u00e1 deferida ap\u00f3s conclu\u00edda a instru\u00e7\u00e3o do processo de renova\u00e7\u00e3o no minist\u00e9rio \u2013 antes, portanto, da decis\u00e3o do Congresso.<\/p>\n<p style=\"text-align: justify;\"><strong>Atualiza\u00e7\u00f5es<\/strong><\/p>\n<p style=\"text-align: justify;\">O texto de Leit\u00e3o modifica ainda o C\u00f3digo para atualiz\u00e1-lo quanto a restri\u00e7\u00f5es vinculadas a quest\u00f5es de seguran\u00e7a nacional. Ele tira do C\u00f3digo a necessidade de cumprimento de condi\u00e7\u00f5es contratuais como prova de idoneidade moral, demonstra\u00e7\u00e3o dos recursos t\u00e9cnicos e financeiros e indica\u00e7\u00e3o dos respons\u00e1veis pela orienta\u00e7\u00e3o intelectual e administrativa da entidade.<\/p>\n<p style=\"text-align: justify;\">Saem da lei as restri\u00e7\u00f5es ao emprego de t\u00e9cnicos estrangeiros e a e necessidade de registrar em junta comercial a composi\u00e7\u00e3o do capital social.<\/p>\n<p style=\"text-align: justify;\">Nilson Leit\u00e3o incluiu, por\u00e9m, a obriga\u00e7\u00e3o de as empresas pleiteantes de concess\u00e3o ou permiss\u00e3o de radiodifus\u00e3o apresentarem declara\u00e7\u00e3o de que nenhum dos dirigentes e s\u00f3cios \u00e9 condenado em decis\u00e3o transitada em julgado por crimes que impliquem o enquadramento na Lei da Ficha Limpa (Lei Complementar 64\/90).<\/p>\n<p style=\"text-align: justify;\">Por outro lado, as altera\u00e7\u00f5es contratuais ou estatut\u00e1rias poder\u00e3o ser encaminhadas ao Executivo dentro de 60 dias, com toda a documenta\u00e7\u00e3o que comprovar o atendimento \u00e0 legisla\u00e7\u00e3o em vigor, isentando-as de san\u00e7\u00f5es previstas no C\u00f3digo.<\/p>\n<p style=\"text-align: justify;\"><strong>Radialistas<\/strong><\/p>\n<p style=\"text-align: justify;\">Na profiss\u00e3o de radialista, o relator prev\u00ea que a descri\u00e7\u00e3o das fun\u00e7\u00f5es nas quais ele pode atuar deve considerar as ocupa\u00e7\u00f5es relacionadas \u00e0 digitaliza\u00e7\u00e3o das emissoras, a novas tecnologias, aos equipamentos e aos meios de informa\u00e7\u00e3o e comunica\u00e7\u00e3o.<\/p>\n<p style=\"text-align: left;\"><strong>\u00cdNTEGRA DA PROPOSTA:<\/strong><br \/>\n<a href=\"http:\/\/www.camara.gov.br\/proposicoesWeb\/fichadetramitacao?idProposicao=2112586\" target=\"_blank\" rel=\"noopener noreferrer\">MPV-747\/2016<\/a><br \/>\nReportagem &#8211; Eduardo Piovesan<br \/>\nEdi\u00e7\u00e3o &#8211; Newton Ara\u00fajo<\/p>\n<p>Fonte: C\u00e2mara\u00a0Not\u00edcias.<\/p>\n","protected":false},"excerpt":{"rendered":"<p>Proposta resultante da Medida Provis\u00f3ria 747\/16 segue para an\u00e1lise do&hellip;<\/p>\n<p> <a class=\"more-link\" href=\"https:\/\/sertsc.org.br\/site\/camara-altera-regras-para-renovacao-e-outorga-de-concessao-de-tv-e-radio\/\">Leia mais<\/a><\/p>\n","protected":false},"author":1,"featured_media":0,"comment_status":"closed","ping_status":"open","sticky":false,"template":"","format":"standard","meta":{"footnotes":""},"categories":[1],"tags":[],"class_list":{"0":"post-3744","1":"post","2":"type-post","3":"status-publish","4":"format-standard","6":"category-geral"},"_links":{"self":[{"href":"https:\/\/sertsc.org.br\/site\/wp-json\/wp\/v2\/posts\/3744","targetHints":{"allow":["GET"]}}],"collection":[{"href":"https:\/\/sertsc.org.br\/site\/wp-json\/wp\/v2\/posts"}],"about":[{"href":"https:\/\/sertsc.org.br\/site\/wp-json\/wp\/v2\/types\/post"}],"author":[{"embeddable":true,"href":"https:\/\/sertsc.org.br\/site\/wp-json\/wp\/v2\/users\/1"}],"replies":[{"embeddable":true,"href":"https:\/\/sertsc.org.br\/site\/wp-json\/wp\/v2\/comments?post=3744"}],"version-history":[{"count":0,"href":"https:\/\/sertsc.org.br\/site\/wp-json\/wp\/v2\/posts\/3744\/revisions"}],"wp:attachment":[{"href":"https:\/\/sertsc.org.br\/site\/wp-json\/wp\/v2\/media?parent=3744"}],"wp:term":[{"taxonomy":"category","embeddable":true,"href":"https:\/\/sertsc.org.br\/site\/wp-json\/wp\/v2\/categories?post=3744"},{"taxonomy":"post_tag","embeddable":true,"href":"https:\/\/sertsc.org.br\/site\/wp-json\/wp\/v2\/tags?post=3744"}],"curies":[{"name":"wp","href":"https:\/\/api.w.org\/{rel}","templated":true}]}}