{"id":3740,"date":"2017-02-21T11:11:05","date_gmt":"2017-02-21T14:11:05","guid":{"rendered":"http:\/\/www.sertsc.org.br\/site\/?p=3740"},"modified":"2017-02-21T11:11:05","modified_gmt":"2017-02-21T14:11:05","slug":"faixa-de-700-mhz-em-brasilia-pode-ser-liberada-para-as-teles-em-maio","status":"publish","type":"post","link":"https:\/\/sertsc.org.br\/site\/faixa-de-700-mhz-em-brasilia-pode-ser-liberada-para-as-teles-em-maio\/","title":{"rendered":"Faixa de 700 MHz em Bras\u00edlia pode ser liberada para as teles em maio"},"content":{"rendered":"<p style=\"text-align: justify;\">O Gired (grupo de implanta\u00e7\u00e3o da digitaliza\u00e7\u00e3o da TV) deu permiss\u00e3o para que a EAD (entidade administradora da digitaliza\u00e7\u00e3o) comece as a\u00e7\u00f5es de mitiga\u00e7\u00e3o preventiva de interfer\u00eancia entre o servi\u00e7o de TV digital e banda larga m\u00f3vel em Bras\u00edlia. A decis\u00e3o, tomada na reuni\u00e3o desta segunda-feira, 20, pode antecipar a libera\u00e7\u00e3o da faixa de 700 MHz para as teles entre abril e maio, bem antes dos nove meses previstos anteriormente.<\/p>\n<p style=\"text-align: justify;\">De acordo com o presidente executivo da EAD, Antonio Carlos Martelletto, ainda ser\u00e1 preciso remanejar dois canais em Bras\u00edlia antes da a\u00e7\u00e3o de mitiga\u00e7\u00e3o preventiva, tarefa que deve durar duas semanas. Ele disse que a tecnologia LTE j\u00e1 est\u00e1 funcionando na faixa de 700 MHz em 18 cidades, sem problemas de interfer\u00eancia. Mas Bras\u00edlia pode ser o primeiro grande centro a ter a conviv\u00eancia das duas tecnologias. O Gired, entretanto, ter\u00e1 a palavra final.<\/p>\n<p style=\"text-align: justify;\">Sobre a altera\u00e7\u00e3o do cronograma de digitaliza\u00e7\u00e3o, com o adiamento de Belo Horizonte, Salvador, Recife e Fortaleza, a decis\u00e3o ficou para depois. O argumento para posterga\u00e7\u00e3o, apresentado pela EAD, foi a dificuldade de recebimento dos conversores. &#8220;O \u00fanico fornecedor da mem\u00f3ria flash est\u00e1 com dificuldades de atender a demanda&#8221;, explica Martelletto. Ele ressalta que, sem o adiamento, a distribui\u00e7\u00e3o de conversor, hoje na casa de 500 mil por m\u00eas, pularia para um milh\u00e3o\/m\u00eas.<\/p>\n<p style=\"text-align: justify;\"><strong>Crit\u00e9rio<\/strong><\/p>\n<p style=\"text-align: justify;\">Na reuni\u00e3o desta segunda-feira tamb\u00e9m foi decidido o crit\u00e9rio para aferi\u00e7\u00e3o da digitaliza\u00e7\u00e3o dos domic\u00edlios, que ser\u00e1 usado para decis\u00e3o do desligamento do sinal anal\u00f3gico em S\u00e3o Paulo, previsto para 29 de mar\u00e7o. Pelo crit\u00e9rio, o Ibope, que realiza a pesquisa de digitaliza\u00e7\u00e3o, utilizar\u00e1 o deflator combinado para as televis\u00f5es de tela fina, mas ser\u00e1 aceita a tend\u00eancia de crescimento da digitaliza\u00e7\u00e3o. Ou seja, nem todos os aparelhos de tela fina poder\u00e3o ser contabilizados como digitais, mas as proje\u00e7\u00f5es de crescimento do n\u00famero de lares digitalizados ser\u00e1 levado em conta.<\/p>\n<p style=\"text-align: justify;\">O crit\u00e9rio acabou decidido pela Anatel e Minist\u00e9rio da Ci\u00eancia, Tecnologia, Inova\u00e7\u00f5es e Comunica\u00e7\u00f5es, j\u00e1 que as duas propostas tiveram o mesmo n\u00famero de votos. A Abert, que tem tr\u00eas votos, e a Claro defendiam a necessidade de checagem do n\u00famero, enquanto Abratel, Vivo, TIM e Algar votaram na proposta vencedora.<\/p>\n<p style=\"text-align: justify;\">A pesquisa com os n\u00fameros finais de S\u00e3o Paulo ser\u00e1 apresentada no dia 28 de mar\u00e7o, data da pr\u00f3xima reuni\u00e3o do Gired.<\/p>\n<p style=\"text-align: justify;\">\n<p style=\"text-align: justify;\">Fonte: Tele time.<\/p>\n","protected":false},"excerpt":{"rendered":"<p>O Gired (grupo de implanta\u00e7\u00e3o da digitaliza\u00e7\u00e3o da TV) deu&hellip;<\/p>\n<p> <a class=\"more-link\" href=\"https:\/\/sertsc.org.br\/site\/faixa-de-700-mhz-em-brasilia-pode-ser-liberada-para-as-teles-em-maio\/\">Leia mais<\/a><\/p>\n","protected":false},"author":1,"featured_media":0,"comment_status":"closed","ping_status":"open","sticky":false,"template":"","format":"standard","meta":{"footnotes":""},"categories":[1],"tags":[],"class_list":{"0":"post-3740","1":"post","2":"type-post","3":"status-publish","4":"format-standard","6":"category-geral"},"_links":{"self":[{"href":"https:\/\/sertsc.org.br\/site\/wp-json\/wp\/v2\/posts\/3740","targetHints":{"allow":["GET"]}}],"collection":[{"href":"https:\/\/sertsc.org.br\/site\/wp-json\/wp\/v2\/posts"}],"about":[{"href":"https:\/\/sertsc.org.br\/site\/wp-json\/wp\/v2\/types\/post"}],"author":[{"embeddable":true,"href":"https:\/\/sertsc.org.br\/site\/wp-json\/wp\/v2\/users\/1"}],"replies":[{"embeddable":true,"href":"https:\/\/sertsc.org.br\/site\/wp-json\/wp\/v2\/comments?post=3740"}],"version-history":[{"count":0,"href":"https:\/\/sertsc.org.br\/site\/wp-json\/wp\/v2\/posts\/3740\/revisions"}],"wp:attachment":[{"href":"https:\/\/sertsc.org.br\/site\/wp-json\/wp\/v2\/media?parent=3740"}],"wp:term":[{"taxonomy":"category","embeddable":true,"href":"https:\/\/sertsc.org.br\/site\/wp-json\/wp\/v2\/categories?post=3740"},{"taxonomy":"post_tag","embeddable":true,"href":"https:\/\/sertsc.org.br\/site\/wp-json\/wp\/v2\/tags?post=3740"}],"curies":[{"name":"wp","href":"https:\/\/api.w.org\/{rel}","templated":true}]}}