{"id":3724,"date":"2017-02-20T10:55:40","date_gmt":"2017-02-20T13:55:40","guid":{"rendered":"http:\/\/www.sertsc.org.br\/site\/?p=3724"},"modified":"2017-02-20T10:55:40","modified_gmt":"2017-02-20T13:55:40","slug":"migracao-de-radios-sera-concluida-em-breve-e-ficara-de-legado-para-o-pais-diz-ministro","status":"publish","type":"post","link":"https:\/\/sertsc.org.br\/site\/migracao-de-radios-sera-concluida-em-breve-e-ficara-de-legado-para-o-pais-diz-ministro\/","title":{"rendered":"Migra\u00e7\u00e3o de r\u00e1dios ser\u00e1 conclu\u00edda em breve e ficar\u00e1 de legado para o pa\u00eds, diz ministro"},"content":{"rendered":"<p style=\"text-align: justify;\">Gilberto Kassab participou, em Florian\u00f3polis, do primeiro mutir\u00e3o itinerante, que marcou a mudan\u00e7a para 20 emissoras de Santa Catarina. Minas Gerais e Rio Grande do Sul s\u00e3o os pr\u00f3ximos estados a receber o mutir\u00e3o do MCTIC.<\/p>\n<p style=\"text-align: justify;\">O Minist\u00e9rio da Ci\u00eancia, Tecnologia, Inova\u00e7\u00f5es e Comunica\u00e7\u00f5es (MCTIC) iniciou nesta sexta-feira (17), em Florian\u00f3polis (SC), uma s\u00e9rie de mutir\u00f5es itinerantes pelos estados para acelerar a migra\u00e7\u00e3o das r\u00e1dios AM para FM. Segundo o ministro Gilberto Kassab, o objetivo \u00e9 &#8220;concluir o processo o mais r\u00e1pido poss\u00edvel&#8221;. Ele participou de ato ao lado do governador de Santa Catarina, Raimundo Colombo, em que 20 emissoras de diversos munic\u00edpios assinaram o termo aditivo de adapta\u00e7\u00e3o das outorgas, documento que autoriza a mudan\u00e7a de faixa.<\/p>\n<p style=\"text-align: justify;\">&#8220;Concluir esse processo \u00e9 a nossa disposi\u00e7\u00e3o e a raz\u00e3o desse mutir\u00e3o, porque, se n\u00e3o enfrentarmos essas quest\u00f5es de maneira massificada, com o peso pol\u00edtico de um governador e de deputados federais e estaduais, as coisas tendem a ficar lentas. E a gente quer deixar esse legado&#8221;, disse Kassab. &#8220;Tivemos, em um primeiro momento, em novembro, com o presidente da Rep\u00fablica, no Pal\u00e1cio do Planalto, a migra\u00e7\u00e3o daquelas r\u00e1dios que j\u00e1 estavam prontas para assinar h\u00e1 meses e n\u00e3o assinavam. J\u00e1 as emissoras que estavam em tramita\u00e7\u00e3o, mas ainda n\u00e3o conclu\u00eddas, ficaram para essa fase regional.&#8221;<\/p>\n<p style=\"text-align: justify;\">De acordo com o ministro, ao assumir o MCTIC, em maio, a Secretaria de Radiodifus\u00e3o acumulava 85 mil processos sem solu\u00e7\u00e3o. &#8220;Desse total, n\u00f3s j\u00e1 conseguimos a libera\u00e7\u00e3o de aproximadamente 25 mil, em poucos meses de trabalho&#8221;, informou. &#8220;Apenas nessa quest\u00e3o da migra\u00e7\u00e3o de faixa, foram quase mil aprova\u00e7\u00f5es.&#8221;<\/p>\n<p style=\"text-align: justify;\">A secret\u00e1ria de Radiodifus\u00e3o, Vanda Nogueira, recordou que 20 r\u00e1dios catarinenses estavam entre as 244 que efetivaram a mudan\u00e7a para FM na <a href=\"http:\/\/www.mcti.gov.br\/noticia\/-\/asset_publisher\/epbV0pr6eIS0\/content\/para-ministro-migracao-para-frequencia-fm-garante-empregos-no-setor-de-radiodifusao\" target=\"_blank\" rel=\"noopener noreferrer\">primeira rodada<\/a> nacional, celebrada em 7 de novembro. &#8220;Agora, estamos fazendo a migra\u00e7\u00e3o itinerante e iremos aos estados para acelerar o processo in loco&#8221;, destacou, ao informar que os pr\u00f3ximos mutir\u00f5es est\u00e3o previstos para Minas Gerais e Rio Grande do Sul, onde tamb\u00e9m h\u00e1 grande n\u00famero de emissoras.<\/p>\n<p style=\"text-align: justify;\">Recentemente, 100 r\u00e1dios de Santa Catarina solicitaram a adapta\u00e7\u00e3o \u2013 40 delas j\u00e1 foram contempladas e outras 60 foram destinadas ao dial estendido, a ser liberado ap\u00f3s o desligamento da TV anal\u00f3gica.<\/p>\n<p style=\"text-align: justify;\"><strong>Voca\u00e7\u00e3o regional<\/strong><\/p>\n<p style=\"text-align: justify;\">Na solenidade, o governador Raimundo Colombo enfatizou o car\u00e1ter comunit\u00e1rio do meio de comunica\u00e7\u00e3o. &#8220;O r\u00e1dio tem forte credibilidade e hist\u00f3ria em Santa Catarina, diante de nossa boa distribui\u00e7\u00e3o demogr\u00e1fica, com respeito \u00e0s nossas culturas e aos nossos valores&#8221;, avaliou. &#8220;\u00c9 o r\u00e1dio que une e re\u00fane toda a nossa comunidade para reverenciar essa forma de vida. Ent\u00e3o, \u00e9 um ve\u00edculo muito humano, que expressa toda a emo\u00e7\u00e3o e traz toda essa tradi\u00e7\u00e3o, todos os dias.&#8221;<\/p>\n<p style=\"text-align: justify;\">Na vis\u00e3o do governador, a migra\u00e7\u00e3o de faixa ajuda as r\u00e1dios a superar desafios t\u00e9cnicos hist\u00f3ricos. &#8220;Mudando para FM, n\u00f3s temos de volta um alcance muito maior, uma qualidade muito melhor e um custo operacional mais baixo, seja de energia el\u00e9trica, seja de m\u00e3o de obra&#8221;, apontou. &#8220;H\u00e1 um ganho extraordin\u00e1rio, e isso faz com que a gente fortale\u00e7a esse v\u00ednculo com a sociedade, pela compet\u00eancia, pelo avan\u00e7o e pelos resultados que o r\u00e1dio pode dar.&#8221;<\/p>\n<p style=\"text-align: justify;\">Para o presidente da Associa\u00e7\u00e3o Catarinense de Emissoras de R\u00e1dio e Televis\u00e3o (Acaert), Marcelo Petrelli, o mercado estadual alimenta uma concorr\u00eancia saud\u00e1vel, na qual as empresas &#8220;sabem lutar juntas por um objetivo comum&#8221;, como a mudan\u00e7a de faixa. &#8220;E \u00e9 isso que vai injetar um otimismo em nossos radiodifusores no momento em que a economia do Brasil e do estado mais precisa. N\u00e3o temos d\u00favidas de que a migra\u00e7\u00e3o para FM nos d\u00e1 confian\u00e7a para investir. S\u00f3 com um ambiente econ\u00f4mico sustent\u00e1vel aos meios de comunica\u00e7\u00e3o podemos manter a liberdade que \u00e9 necess\u00e1ria para o exerc\u00edcio da imprensa \u2013 liberdade que, ali\u00e1s, se mostrou mais do que nunca necess\u00e1ria para a manuten\u00e7\u00e3o e o amadurecimento da nossa democracia.&#8221;<\/p>\n<p style=\"text-align: justify;\">Petrelli ressaltou caracter\u00edsticas que diferem Santa Catarina de outros estados. &#8220;Na nossa radiodifus\u00e3o, n\u00e3o predomina apenas uma grande rede de comunica\u00e7\u00e3o, mas, sim, muitas emissoras, que s\u00e3o pequenas, m\u00e9dias e grandes empresas, geridas por seus propriet\u00e1rios, que geram empregos e movimentam o mercado, respeitando sotaques e realidades locais e incentivando, com suas pautas positivas, relacionamentos que contribuem com o crescimento econ\u00f4mico regional.&#8221;<\/p>\n<p style=\"text-align: justify;\">Fonte: MCTIC.<\/p>\n","protected":false},"excerpt":{"rendered":"<p>Gilberto Kassab participou, em Florian\u00f3polis, do primeiro mutir\u00e3o itinerante, que&hellip;<\/p>\n<p> <a class=\"more-link\" href=\"https:\/\/sertsc.org.br\/site\/migracao-de-radios-sera-concluida-em-breve-e-ficara-de-legado-para-o-pais-diz-ministro\/\">Leia mais<\/a><\/p>\n","protected":false},"author":1,"featured_media":0,"comment_status":"closed","ping_status":"open","sticky":false,"template":"","format":"standard","meta":{"footnotes":""},"categories":[1],"tags":[],"class_list":{"0":"post-3724","1":"post","2":"type-post","3":"status-publish","4":"format-standard","6":"category-geral"},"_links":{"self":[{"href":"https:\/\/sertsc.org.br\/site\/wp-json\/wp\/v2\/posts\/3724","targetHints":{"allow":["GET"]}}],"collection":[{"href":"https:\/\/sertsc.org.br\/site\/wp-json\/wp\/v2\/posts"}],"about":[{"href":"https:\/\/sertsc.org.br\/site\/wp-json\/wp\/v2\/types\/post"}],"author":[{"embeddable":true,"href":"https:\/\/sertsc.org.br\/site\/wp-json\/wp\/v2\/users\/1"}],"replies":[{"embeddable":true,"href":"https:\/\/sertsc.org.br\/site\/wp-json\/wp\/v2\/comments?post=3724"}],"version-history":[{"count":0,"href":"https:\/\/sertsc.org.br\/site\/wp-json\/wp\/v2\/posts\/3724\/revisions"}],"wp:attachment":[{"href":"https:\/\/sertsc.org.br\/site\/wp-json\/wp\/v2\/media?parent=3724"}],"wp:term":[{"taxonomy":"category","embeddable":true,"href":"https:\/\/sertsc.org.br\/site\/wp-json\/wp\/v2\/categories?post=3724"},{"taxonomy":"post_tag","embeddable":true,"href":"https:\/\/sertsc.org.br\/site\/wp-json\/wp\/v2\/tags?post=3724"}],"curies":[{"name":"wp","href":"https:\/\/api.w.org\/{rel}","templated":true}]}}