{"id":3719,"date":"2017-02-20T08:42:29","date_gmt":"2017-02-20T11:42:29","guid":{"rendered":"http:\/\/www.sertsc.org.br\/site\/?p=3719"},"modified":"2017-02-20T08:42:29","modified_gmt":"2017-02-20T11:42:29","slug":"a-40-dias-do-fim-da-tv-analogica-em-sp-apenas-26-das-familias-do-cadunico-retiraram-os-conversores","status":"publish","type":"post","link":"https:\/\/sertsc.org.br\/site\/a-40-dias-do-fim-da-tv-analogica-em-sp-apenas-26-das-familias-do-cadunico-retiraram-os-conversores\/","title":{"rendered":"A 40 dias do fim da TV anal\u00f3gica em SP, apenas 26% das fam\u00edlias do Cad\u00danico retiraram os conversores"},"content":{"rendered":"<p style=\"text-align: justify;\">Seja Digital e Anatel garantem que h\u00e1 tempo para que toda a popula\u00e7\u00e3o apta a receber os kits de digitaliza\u00e7\u00e3o seja atendida e que n\u00e3o h\u00e1 possibilidade de adiamento do switch off<\/p>\n<figure id=\"attachment_3720\" aria-describedby=\"caption-attachment-3720\" style=\"width: 936px\" class=\"wp-caption aligncenter\"><a href=\"http:\/\/www.sertsc.org.br\/site\/wp-content\/uploads\/2017\/02\/quadros-entrega-kit-tvd-sp-2017.jpg\"><img fetchpriority=\"high\" decoding=\"async\" class=\"wp-image-3720 size-full\" src=\"http:\/\/www.sertsc.org.br\/site\/wp-content\/uploads\/2017\/02\/quadros-entrega-kit-tvd-sp-2017.jpg\" alt=\"quadros-entrega-kit-tvd-sp-2017\" width=\"936\" height=\"527\" \/><\/a><figcaption id=\"caption-attachment-3720\" class=\"wp-caption-text\">Juarez Quadros, presidente da Anatel (com microfone) e Antonio Martelletto (\u00e0 direita de Quadros), presidente da Seja Digital<\/figcaption><\/figure>\n<p style=\"text-align: justify;\">Aconteceu sexta-feira, 17, em S\u00e3o Paulo a entrega do kit de convers\u00e3o digital n\u00famero 500 mil. O momento \u00e9 simb\u00f3lico por chamar a aten\u00e7\u00e3o para o maior desligamento da TV anal\u00f3gica no processo de transi\u00e7\u00e3o para a TV Digital no Brasil. E tamb\u00e9m por evidenciar que, a apenas 40 dias do apag\u00e3o, menos de um ter\u00e7o das fam\u00edlias com direito a receber gratuitamente o kit contendo conversor e antena o pegaram.<\/p>\n<p style=\"text-align: justify;\">At\u00e9 o momento, 26% das fam\u00edlias do Cad\u00danico, aquelas atendidas por programas assistenciais do governo federal, retiraram os equipamentos. Ao todo, a regi\u00e3o metropolitana deve receber 1,87 milh\u00e3o de kits da Seja Digital, a organiza\u00e7\u00e3o criada pelas operadoras de telefonia m\u00f3vel para organizar a entrega dos kits e a limpeza da faixa de 700 MHz que lhes ser\u00e1 destinada. A entrega dos kits come\u00e7ou em outubro de 2016.<\/p>\n<p style=\"text-align: justify;\">Juarez Quadros, presidente da Ag\u00eancia Nacional de Telecomunica\u00e7\u00f5es (Anatel), disse nesta sexta-feira, em evento que marcou a entrega, que h\u00e1 tempo e condi\u00e7\u00f5es para que todos os kits sejam distribu\u00eddos. \u201cJ\u00e1 s\u00e3o 86% da popula\u00e7\u00e3o recebendo sinal digital na regi\u00e3o, conforme dados de janeiro do Ibope. A gente espera chegar ao m\u00ednimo para o desligamento, de 93%, at\u00e9 29 de mar\u00e7o. N\u00e3o h\u00e1 possibilidade de adiar o desligamento\u201d, frisou a jornalistas.<\/p>\n<p style=\"text-align: justify;\">Antonio Martelletto, presidente da Seja Digital, lembra que a popula\u00e7\u00e3o inscrita no Cad\u00danico precisa solicitar o kit pela internet ou por telefone (n\u00famero 147), agendar dia e hora para a retirada dos equipamentos, em local definido caso a caso, uma vez que a regi\u00e3o metropolitana \u00e9 formada por 38 cidades. \u201cO prazo de retirada ser\u00e1 estendido em at\u00e9 45 dias ap\u00f3s o desligamento, e se ainda houver demanda, poder\u00e1 ir al\u00e9m disso\u201d, afirmou. Na metr\u00f3pole paulista calcula-se que 7 milh\u00f5es de domic\u00edlios assistam \u00e0 TV aberta, o que representa 20 milh\u00f5es de pessoas que v\u00e3o passar a ver o sinal digital. \u201cN\u00e3o vamos deixar ningu\u00e9m para tr\u00e1s\u201d, afirma o executivo.<\/p>\n<p style=\"text-align: justify;\">O desligamento da TV anal\u00f3gica faz parte da digitaliza\u00e7\u00e3o da TV no Brasil e da disponibiliza\u00e7\u00e3o de mais espectro para que as operadoras de telefonia m\u00f3vel ampliem a oferta de banda larga pelo celular. Em 2014 a Anatel realizou um leil\u00e3o, no qual licitou frequ\u00eancias na faixa de 700 MHz (popularmente conhecida como UHF), usadas por emissoras de TV.<\/p>\n<p style=\"text-align: justify;\">As operadoras se comprometeram a garantir uma transi\u00e7\u00e3o que n\u00e3o tirasse do ar o sinal de TV aberta, e criaram a empresa Seja Digital para executar a a\u00e7\u00e3o, com um or\u00e7amento de R$ 3,6 bilh\u00f5es. Esse processo, chamado de limpeza da faixa de 700MHz, vai reordenar o uso do espectro, e exige que o cidad\u00e3o sintonize, em casa, apenas o sinal digital de TV. At\u00e9 2018, 1,3 mil cidades no pa\u00eds ter\u00e3o o sinal anal\u00f3gico desligado. Segundo Quadros, da Anatel, o sinal na regi\u00e3o metropolitana de S\u00e3o Paulo estar\u00e1 pronto para uso com banda larga m\u00f3vel em no m\u00e1ximo nove meses ap\u00f3s o desligamento.<\/p>\n<p>Fonte: Tele S\u00edntese<\/p>\n","protected":false},"excerpt":{"rendered":"<p>Seja Digital e Anatel garantem que h\u00e1 tempo para que&hellip;<\/p>\n<p> <a class=\"more-link\" href=\"https:\/\/sertsc.org.br\/site\/a-40-dias-do-fim-da-tv-analogica-em-sp-apenas-26-das-familias-do-cadunico-retiraram-os-conversores\/\">Leia mais<\/a><\/p>\n","protected":false},"author":1,"featured_media":0,"comment_status":"closed","ping_status":"open","sticky":false,"template":"","format":"standard","meta":{"footnotes":""},"categories":[1],"tags":[],"class_list":{"0":"post-3719","1":"post","2":"type-post","3":"status-publish","4":"format-standard","6":"category-geral"},"_links":{"self":[{"href":"https:\/\/sertsc.org.br\/site\/wp-json\/wp\/v2\/posts\/3719","targetHints":{"allow":["GET"]}}],"collection":[{"href":"https:\/\/sertsc.org.br\/site\/wp-json\/wp\/v2\/posts"}],"about":[{"href":"https:\/\/sertsc.org.br\/site\/wp-json\/wp\/v2\/types\/post"}],"author":[{"embeddable":true,"href":"https:\/\/sertsc.org.br\/site\/wp-json\/wp\/v2\/users\/1"}],"replies":[{"embeddable":true,"href":"https:\/\/sertsc.org.br\/site\/wp-json\/wp\/v2\/comments?post=3719"}],"version-history":[{"count":0,"href":"https:\/\/sertsc.org.br\/site\/wp-json\/wp\/v2\/posts\/3719\/revisions"}],"wp:attachment":[{"href":"https:\/\/sertsc.org.br\/site\/wp-json\/wp\/v2\/media?parent=3719"}],"wp:term":[{"taxonomy":"category","embeddable":true,"href":"https:\/\/sertsc.org.br\/site\/wp-json\/wp\/v2\/categories?post=3719"},{"taxonomy":"post_tag","embeddable":true,"href":"https:\/\/sertsc.org.br\/site\/wp-json\/wp\/v2\/tags?post=3719"}],"curies":[{"name":"wp","href":"https:\/\/api.w.org\/{rel}","templated":true}]}}