{"id":3715,"date":"2017-02-17T14:30:36","date_gmt":"2017-02-17T16:30:36","guid":{"rendered":"http:\/\/www.sertsc.org.br\/site\/?p=3715"},"modified":"2017-02-17T14:30:36","modified_gmt":"2017-02-17T16:30:36","slug":"3715-2","status":"publish","type":"post","link":"https:\/\/sertsc.org.br\/site\/3715-2\/","title":{"rendered":"Adeus TV Aberta Anal\u00f3gica. Viva a TV Digital"},"content":{"rendered":"<p style=\"text-align: justify;\">A TV Aberta anal\u00f3gica foi inaugurada em 1950, com a cria\u00e7\u00e3o da TV Tupi de S\u00e3o Paulo, canal 3. Depois de 67 anos ela ser\u00e1 extinta. A raz\u00e3o \u00e9 que a tecnologia evoluiu tanto, que n\u00e3o ser\u00e1 necess\u00e1ria a utiliza\u00e7\u00e3o do espectro eletromagn\u00e9tico VHF, onde a TV Aberta anal\u00f3gica se propaga.<\/p>\n<p style=\"text-align: justify;\">No final do m\u00eas de mar\u00e7o, o sinal anal\u00f3gico de televis\u00e3o poder\u00e1 ser desligado na cidade de S\u00e3o Paulo. As 24 emissoras de televis\u00e3o da capital v\u00e3o encerrar definitivamente as suas transmiss\u00f5es anal\u00f3gicas. Ou seja, toda programa\u00e7\u00e3o dos canais abertos ser\u00e1 transmitida apenas pelo sinal digital.<\/p>\n<p style=\"text-align: justify;\">Neste sentido, para se continuar assistindo a TV Aberta, ser\u00e1 preciso ter uma antena espec\u00edfica que capta sinal UHF, frequ\u00eancia utilizada pela TV digital. Evidente que tamb\u00e9m \u00e9 necess\u00e1rio um aparelho de televis\u00e3o preparado para receber o sinal digital. Aparelhos antigos poder\u00e3o ganhar um conversor externo, que permite capturar o sinal digital, e depois transform\u00e1-lo para que estes aparelhos possam ser ainda utilizados, ou seja, compat\u00edvel com sua TV.<\/p>\n<p style=\"text-align: justify;\">Para as fam\u00edlias de menor renda, o governo criou um benef\u00edcio para distribuir gratuitamente conversores. A ideia \u00e9 que n\u00e3o seja necess\u00e1ria a troca dos aparelhos de TV existentes. Quem for benefici\u00e1rio dos planos sociais do governo, tais como Bolsa Fam\u00edlia, Minha Casa Minha Vida e outros, receber\u00e3o os conversores gratuitamente.<\/p>\n<p style=\"text-align: justify;\">Da mesma forma, dispositivos m\u00f3veis como celulares e TVs port\u00e1teis j\u00e1 podem acessar facilmente a TV digital, isto atrav\u00e9s do sistema One Seg. Mas o que \u00e9 isso? Explico: o sistema da TV Digital foi projetado para que cada canal de TV seja dividido em 13 segmentos, com o \u00faltimo segmento o separando do pr\u00f3ximo canal. Assim sendo, um sinal de transmiss\u00e3o HDTV ocupa 12 segmentos, deixando o segmento restante (13\u00ba) para receptores m\u00f3veis. Por isso o nome &#8220;1seg&#8221; (ou &#8220;One Seg&#8221;).<\/p>\n<p style=\"text-align: justify;\">Por\u00e9m, existe uma regra clara para o desligamento; que o \u00edndice de 93% da popula\u00e7\u00e3o digital seja atingido at\u00e9 a data do desligamento. Como S\u00e3o Paulo, at\u00e9 o dia 29 de mar\u00e7o, dever\u00e1 ter atingido apenas 85%, muito possivelmente haver\u00e1 um novo prazo, provavelmente setembro.<\/p>\n<p style=\"text-align: justify;\">Quem desejar se aprofundar mais no assunto poder\u00e1 pesquisar no site da entidade Seja Digital (<a href=\"http:\/\/www.sejadigital.com.br\/\">www.sejadigital.com.br<\/a>) que foi criada por determina\u00e7\u00e3o da Anatel e tem como miss\u00e3o garantir que a popula\u00e7\u00e3o tenha acesso \u00e0 TV Digital, oferecendo suporte did\u00e1tico, desenvolvendo campanhas de comunica\u00e7\u00e3o e mobiliza\u00e7\u00e3o social e distribuindo kits para TV digital para as fam\u00edlias cadastradas em programas sociais do Governo Federal. Esse processo teve in\u00edcio em abril de 2015 e, de acordo com cronograma definido pelo Minist\u00e9rio da Ci\u00eancia, Tecnologia, Inova\u00e7\u00f5es e Comunica\u00e7\u00f5es, mais de 1300 munic\u00edpios ter\u00e3o o sinal anal\u00f3gico desligado at\u00e9 2018.<\/p>\n<p style=\"text-align: justify;\">Fonte: AD NEWS.<\/p>\n<p style=\"text-align: justify;\">Texto de Antonio Rosa Neto que \u00e9\u00a0presidente da Dainet, primeira empresa especializada em m\u00eddia do Brasil e presidente do conselho da ABEMD &#8211; Associa\u00e7\u00e3o Brasileira de Marketing e Dados.<\/p>\n","protected":false},"excerpt":{"rendered":"<p>A TV Aberta anal\u00f3gica foi inaugurada em 1950, com a&hellip;<\/p>\n<p> <a class=\"more-link\" href=\"https:\/\/sertsc.org.br\/site\/3715-2\/\">Leia mais<\/a><\/p>\n","protected":false},"author":1,"featured_media":0,"comment_status":"closed","ping_status":"open","sticky":false,"template":"","format":"standard","meta":{"footnotes":""},"categories":[1],"tags":[],"class_list":{"0":"post-3715","1":"post","2":"type-post","3":"status-publish","4":"format-standard","6":"category-geral"},"_links":{"self":[{"href":"https:\/\/sertsc.org.br\/site\/wp-json\/wp\/v2\/posts\/3715","targetHints":{"allow":["GET"]}}],"collection":[{"href":"https:\/\/sertsc.org.br\/site\/wp-json\/wp\/v2\/posts"}],"about":[{"href":"https:\/\/sertsc.org.br\/site\/wp-json\/wp\/v2\/types\/post"}],"author":[{"embeddable":true,"href":"https:\/\/sertsc.org.br\/site\/wp-json\/wp\/v2\/users\/1"}],"replies":[{"embeddable":true,"href":"https:\/\/sertsc.org.br\/site\/wp-json\/wp\/v2\/comments?post=3715"}],"version-history":[{"count":0,"href":"https:\/\/sertsc.org.br\/site\/wp-json\/wp\/v2\/posts\/3715\/revisions"}],"wp:attachment":[{"href":"https:\/\/sertsc.org.br\/site\/wp-json\/wp\/v2\/media?parent=3715"}],"wp:term":[{"taxonomy":"category","embeddable":true,"href":"https:\/\/sertsc.org.br\/site\/wp-json\/wp\/v2\/categories?post=3715"},{"taxonomy":"post_tag","embeddable":true,"href":"https:\/\/sertsc.org.br\/site\/wp-json\/wp\/v2\/tags?post=3715"}],"curies":[{"name":"wp","href":"https:\/\/api.w.org\/{rel}","templated":true}]}}