{"id":3713,"date":"2017-02-17T14:24:50","date_gmt":"2017-02-17T16:24:50","guid":{"rendered":"http:\/\/www.sertsc.org.br\/site\/?p=3713"},"modified":"2017-02-17T14:24:50","modified_gmt":"2017-02-17T16:24:50","slug":"prefeitura-de-porto-alegre-vai-ajudar-na-divulgacao-do-desligamento-do-sinal-analogico-de-tv","status":"publish","type":"post","link":"https:\/\/sertsc.org.br\/site\/prefeitura-de-porto-alegre-vai-ajudar-na-divulgacao-do-desligamento-do-sinal-analogico-de-tv\/","title":{"rendered":"Prefeitura de Porto Alegre vai ajudar na divulga\u00e7\u00e3o do desligamento do sinal anal\u00f3gico de TV"},"content":{"rendered":"<div class=\"itemIntroText\">\n<p style=\"text-align: justify;\">Representantes da Seja Digital, empresa respons\u00e1vel pela digitaliza\u00e7\u00e3o da TV no pa\u00eds, se reuniram na ter\u00e7a-feira (14) com o prefeito de Porto Alegre (RS), Nelson Marchezan Jr, para apresentar as a\u00e7\u00f5es desenvolvidas para o desligamento do sinal anal\u00f3gico na capital ga\u00facha e em outras 88 cidades do estado.<\/p>\n<\/div>\n<div class=\"itemFullText\">\n<p style=\"text-align: justify;\">De acordo com o calend\u00e1rio do Minist\u00e9rio da Ci\u00eancia, Tecnologia, Inova\u00e7\u00f5es e Comunica\u00e7\u00f5es (MCTIC), a partir de 31 de janeiro de 2018, haver\u00e1 apenas o sinal digital de TV nessas cidades.<\/p>\n<p style=\"text-align: justify;\">A Seja Digital pediu ao prefeito o apoio na campanha de divulga\u00e7\u00e3o do processo de digitaliza\u00e7\u00e3o junto \u00e0s r\u00e1dios e TVs p\u00fablicas, escolas e casas de assist\u00eancia social. Nelson Marchezan Jr prometeu ajudar na campanha com o aux\u00edlio das secretarias municipais de Desenvolvimento Social, Educa\u00e7\u00e3o e de Cultura.<\/p>\n<p style=\"text-align: justify;\">Os telespectadores das cidades j\u00e1 est\u00e3o recebendo avisos sobre o desligamento do sinal anal\u00f3gico de televis\u00e3o. Desde o final de janeiro, as emissoras de TV est\u00e3o inserindo na tela, no canto superior, a palavra anal\u00f3gico, e depois de 15 segundos, a letra \u201cA\u201d, al\u00e9m dos contatos para quem tem d\u00favidas sobre a mudan\u00e7a. Isso \u00e9 um alerta de que falta um ano para o desligamento.<\/p>\n<p style=\"text-align: justify;\">Com a aproxima\u00e7\u00e3o do desligamento do sinal anal\u00f3gico a publicidade ser\u00e1 intensificada por parte das emissoras de TV. Seis meses antes do desligamento, cartelas informativas sobre o fim do sinal anal\u00f3gico dever\u00e3o ser inseridas na programa\u00e7\u00e3o e, 75 dias antes, v\u00eddeos informativos v\u00e3o orientar os telespectadores sobre o novo sinal.<\/p>\n<p style=\"text-align: justify;\">Fonte: ABERT.<\/p>\n<\/div>\n","protected":false},"excerpt":{"rendered":"<p>Representantes da Seja Digital, empresa respons\u00e1vel pela digitaliza\u00e7\u00e3o da TV&hellip;<\/p>\n<p> <a class=\"more-link\" href=\"https:\/\/sertsc.org.br\/site\/prefeitura-de-porto-alegre-vai-ajudar-na-divulgacao-do-desligamento-do-sinal-analogico-de-tv\/\">Leia mais<\/a><\/p>\n","protected":false},"author":1,"featured_media":0,"comment_status":"closed","ping_status":"open","sticky":false,"template":"","format":"standard","meta":{"footnotes":""},"categories":[1],"tags":[],"class_list":{"0":"post-3713","1":"post","2":"type-post","3":"status-publish","4":"format-standard","6":"category-geral"},"_links":{"self":[{"href":"https:\/\/sertsc.org.br\/site\/wp-json\/wp\/v2\/posts\/3713","targetHints":{"allow":["GET"]}}],"collection":[{"href":"https:\/\/sertsc.org.br\/site\/wp-json\/wp\/v2\/posts"}],"about":[{"href":"https:\/\/sertsc.org.br\/site\/wp-json\/wp\/v2\/types\/post"}],"author":[{"embeddable":true,"href":"https:\/\/sertsc.org.br\/site\/wp-json\/wp\/v2\/users\/1"}],"replies":[{"embeddable":true,"href":"https:\/\/sertsc.org.br\/site\/wp-json\/wp\/v2\/comments?post=3713"}],"version-history":[{"count":0,"href":"https:\/\/sertsc.org.br\/site\/wp-json\/wp\/v2\/posts\/3713\/revisions"}],"wp:attachment":[{"href":"https:\/\/sertsc.org.br\/site\/wp-json\/wp\/v2\/media?parent=3713"}],"wp:term":[{"taxonomy":"category","embeddable":true,"href":"https:\/\/sertsc.org.br\/site\/wp-json\/wp\/v2\/categories?post=3713"},{"taxonomy":"post_tag","embeddable":true,"href":"https:\/\/sertsc.org.br\/site\/wp-json\/wp\/v2\/tags?post=3713"}],"curies":[{"name":"wp","href":"https:\/\/api.w.org\/{rel}","templated":true}]}}