{"id":3695,"date":"2017-02-16T16:38:10","date_gmt":"2017-02-16T18:38:10","guid":{"rendered":"http:\/\/www.sertsc.org.br\/site\/?p=3695"},"modified":"2017-02-16T16:38:10","modified_gmt":"2017-02-16T18:38:10","slug":"emissoras-catarinenses-migrarao-para-fm-em-florianopolis","status":"publish","type":"post","link":"https:\/\/sertsc.org.br\/site\/emissoras-catarinenses-migrarao-para-fm-em-florianopolis\/","title":{"rendered":"Emissoras Catarinenses migrar\u00e3o para FM em Florian\u00f3polis"},"content":{"rendered":"<p style=\"text-align: justify;\">Nesta sexta-feira (17), acontecer\u00e1 um evento importante para a radiodifus\u00e3o catarinense, em Florian\u00f3polis, o Minist\u00e9rio de Ci\u00eancia, Tecnologia, Inova\u00e7\u00f5es e Comunica\u00e7\u00f5es \u2013\u00a0<strong> MCTIC <\/strong>promover\u00e1 um mutir\u00e3o para adiantar o processo de migra\u00e7\u00e3o das r\u00e1dios AM para o FM.<\/p>\n<p style=\"text-align: justify;\">Estar\u00e3o presentes, o Ministro das Comunica\u00e7\u00f5es, Gilberto Kassab, da\u00a0secret\u00e1ria de comunica\u00e7\u00e3o eletr\u00f4nica do MCTIC, Vanda Bonna Nogueira\u00a0e do\u00a0governador Raimundo Colombo<strong>.<\/strong><\/p>\n<p style=\"text-align: justify;\">No ato,\u00a0ser\u00e3o assinados os termos aditivos ao contrato de adapta\u00e7\u00e3o de outorga de 15 emissoras catarinenses e filiadas do SERT\/SC.<\/p>\n<p style=\"text-align: justify;\">Aproveitamos para ressaltar este dia t\u00e3o importante para a migra\u00e7\u00e3o, nosso sincero reconhecimento por este importante marco na trajet\u00f3ria da radiodifus\u00e3o catarinense. Estamos diante de um novo tempo. Um futuro promissor com a migra\u00e7\u00e3o das nossas r\u00e1dios AM para FM, que representar\u00e1 ganhos significativos na qualidade, alcance e evolu\u00e7\u00e3o das transmiss\u00f5es, possibilitando a sintonia cada vez maior.<\/p>\n<p style=\"text-align: justify;\">O evento est\u00e1 programado para \u00e0s\u00a09h30, no teatro Pedro Ivo Campos, o<strong> Sindicato das Empresas de R\u00e1dio e Televis\u00e3o do Estado de Santa Catarina \u2013 <\/strong><strong>SERT\/SC<\/strong> estar\u00e1 presente, sendo representado pelo Presidente da entidade, Carlos Alberto Ross<strong>.<\/strong><\/p>\n<p style=\"text-align: justify;\">As emissoras s\u00e3o:<\/p>\n<p style=\"text-align: justify;\">R\u00e1dio Rainha das Quedas Ltda.<\/p>\n<p style=\"text-align: justify;\">R\u00e1dio Cacanjure Ltda.<\/p>\n<p style=\"text-align: justify;\">Frequ\u00eancia Brasileira de Comunica\u00e7\u00f5es Ltda.<\/p>\n<p style=\"text-align: justify;\">JPB Empresa Jornal\u00edstica Ltda.<\/p>\n<p style=\"text-align: justify;\">R\u00e1dio Garibaldi Ltda \u2013 ME.<\/p>\n<p style=\"text-align: justify;\">R\u00e1dio Planalto de Major Vieira Ltda.<\/p>\n<p style=\"text-align: justify;\">R\u00e1dio Difusora Maravilha Ltda.<\/p>\n<p style=\"text-align: justify;\">R\u00e1dio Modelo Ltda.<\/p>\n<p style=\"text-align: justify;\">R\u00e1dio Centro Oeste de Pinhalzinho Ltda.<\/p>\n<p style=\"text-align: justify;\">R\u00e1dio Namba Ltda.<\/p>\n<p style=\"text-align: justify;\">R\u00e1dio S\u00e3o Bento Ltda.<\/p>\n<p style=\"text-align: justify;\">R\u00e1dio Belos Montes de Seara Ltda.<\/p>\n<p style=\"text-align: justify;\">Funda\u00e7\u00e3o Marconi.<\/p>\n<p style=\"text-align: justify;\">R\u00e1dio Lider do Vale Ltda.<\/p>\n<p style=\"text-align: justify;\">R\u00e1dio Sociedade Catarinense Ltda.<\/p>\n<p style=\"text-align: justify;\">Fonte: Sindicato das Empresas de R\u00e1dio e Televis\u00e3o do Estado de Santa Catarina &#8211; SERT\/SC.<\/p>\n<p>&nbsp;<\/p>\n<p><strong>\u00a0<\/strong><\/p>\n<p>&nbsp;<\/p>\n","protected":false},"excerpt":{"rendered":"<p>Nesta sexta-feira (17), acontecer\u00e1 um evento importante para a radiodifus\u00e3o&hellip;<\/p>\n<p> <a class=\"more-link\" href=\"https:\/\/sertsc.org.br\/site\/emissoras-catarinenses-migrarao-para-fm-em-florianopolis\/\">Leia mais<\/a><\/p>\n","protected":false},"author":1,"featured_media":0,"comment_status":"closed","ping_status":"open","sticky":false,"template":"","format":"standard","meta":{"footnotes":""},"categories":[3],"tags":[],"class_list":{"0":"post-3695","1":"post","2":"type-post","3":"status-publish","4":"format-standard","6":"category-noticias"},"_links":{"self":[{"href":"https:\/\/sertsc.org.br\/site\/wp-json\/wp\/v2\/posts\/3695","targetHints":{"allow":["GET"]}}],"collection":[{"href":"https:\/\/sertsc.org.br\/site\/wp-json\/wp\/v2\/posts"}],"about":[{"href":"https:\/\/sertsc.org.br\/site\/wp-json\/wp\/v2\/types\/post"}],"author":[{"embeddable":true,"href":"https:\/\/sertsc.org.br\/site\/wp-json\/wp\/v2\/users\/1"}],"replies":[{"embeddable":true,"href":"https:\/\/sertsc.org.br\/site\/wp-json\/wp\/v2\/comments?post=3695"}],"version-history":[{"count":0,"href":"https:\/\/sertsc.org.br\/site\/wp-json\/wp\/v2\/posts\/3695\/revisions"}],"wp:attachment":[{"href":"https:\/\/sertsc.org.br\/site\/wp-json\/wp\/v2\/media?parent=3695"}],"wp:term":[{"taxonomy":"category","embeddable":true,"href":"https:\/\/sertsc.org.br\/site\/wp-json\/wp\/v2\/categories?post=3695"},{"taxonomy":"post_tag","embeddable":true,"href":"https:\/\/sertsc.org.br\/site\/wp-json\/wp\/v2\/tags?post=3695"}],"curies":[{"name":"wp","href":"https:\/\/api.w.org\/{rel}","templated":true}]}}