{"id":3686,"date":"2017-02-16T09:43:03","date_gmt":"2017-02-16T11:43:03","guid":{"rendered":"http:\/\/www.sertsc.org.br\/site\/?p=3686"},"modified":"2017-02-16T09:43:03","modified_gmt":"2017-02-16T11:43:03","slug":"goiania-prepara-populacao-para-fim-do-sinal-analogico-de-tv","status":"publish","type":"post","link":"https:\/\/sertsc.org.br\/site\/goiania-prepara-populacao-para-fim-do-sinal-analogico-de-tv\/","title":{"rendered":"Goi\u00e2nia prepara popula\u00e7\u00e3o para fim do sinal anal\u00f3gico de TV"},"content":{"rendered":"<div class=\"itemIntroText\">\n<p style=\"text-align: justify;\">Aproximadamente 3 milh\u00f5es de moradores de Goi\u00e2nia (GO) e de 28 munic\u00edpios da regi\u00e3o metropolitana devem estar preparados para a chegada do sinal digital de TV. O fim das transmiss\u00f5es anal\u00f3gicas est\u00e1 previsto para 31 de maio.<\/p>\n<\/div>\n<div class=\"itemFullText\">\n<p style=\"text-align: justify;\">Para garantir que a popula\u00e7\u00e3o dessas cidades vai continuar assistindo \u00e0 sua programa\u00e7\u00e3o na TV aberta e gratuita, a ABERT, a Associa\u00e7\u00e3o Goiana de Emissoras de R\u00e1dio e Televis\u00e3o (AGOERT) e a Seja Digital (empresa respons\u00e1vel pela digitaliza\u00e7\u00e3o do pa\u00eds) lan\u00e7aram, nesta quarta-feira (15), a campanha sobre as medidas que devem ser adotadas para o desligamento do sinal anal\u00f3gico.<\/p>\n<p style=\"text-align: justify;\">Nessas cidades, os telespectadores j\u00e1 podem ver na TV as tarjas e cartelas com informa\u00e7\u00f5es sobre a data do desligamento, al\u00e9m dos alertas de como o sinal da TV ficar\u00e1 se n\u00e3o houver a convers\u00e3o do televisor para o sistema digital. De acordo com portaria do Minist\u00e9rio da Ci\u00eancia, Tecnologia, Inova\u00e7\u00f5es e Comunica\u00e7\u00f5es (MCTIC), 60 dias antes do desligamento, \u00e9 obrigat\u00f3ria a divulga\u00e7\u00e3o de v\u00eddeos informativos.<\/p>\n<p style=\"text-align: justify;\">As emissoras devem manter fixa na tela a contagem regressiva 45 dias antes do fim do sinal anal\u00f3gico. Para o Diretor de Uso e Planejamento do Espectro da ABERT, Paulo Ricardo Balduino, o lan\u00e7amento da campanha propiciou troca de informa\u00e7\u00f5es e experi\u00eancias entre as emissoras.<\/p>\n<p style=\"text-align: justify;\">\u201cFoi uma grande oportunidade para as emissoras otimizarem os esfor\u00e7os nesse per\u00edodo final da campanha de desligamento\u201d, ressaltou. Balduino apresentou o cronograma e explicou sobre as v\u00e1rias fases do processo de digitaliza\u00e7\u00e3o da TV no pa\u00eds, al\u00e9m de destacar as atividades de divulga\u00e7\u00e3o da ABERT. \u201cComo sempre os esfor\u00e7os de todos \u00e9 assegurar que o cronograma seja cumprido e que o \u00edndice de 93% da popula\u00e7\u00e3o digital seja atingido at\u00e9 a data do desligamento\u201d, disse.<\/p>\n<p style=\"text-align: justify;\">O diretor t\u00e9cnico da ABERT, Andr\u00e9 Cintra, tamb\u00e9m participou do evento e fez um balan\u00e7o positivo da reuni\u00e3o: \u201cFoi muito importante, pois deu um pontap\u00e9 inicial para incentivar as emissoras locais na divulga\u00e7\u00e3o do processo de desligamento em Goi\u00e2nia e munic\u00edpios vizinhos\u201d.<\/p>\n<p style=\"text-align: justify;\">De acordo com a diretora de Comunica\u00e7\u00e3o da Seja Digital, Patr\u00edcia Abreu, mais de 100 mil kits ser\u00e3o distribu\u00eddos na regi\u00e3o metropolitana de Goi\u00e2nia para as fam\u00edlias benefici\u00e1rias de programas sociais do governo federal. \u201cJ\u00e1 distribu\u00edmos 22 mil kits, o que representa quase 10% do total. A partir de agora, com a ajuda de campanhas e da divulga\u00e7\u00e3o na m\u00eddia, queremos intensificar esta distribui\u00e7\u00e3o para chegar com 100% dos kits distribu\u00eddos at\u00e9 maio\u201d, disse.<\/p>\n<p style=\"text-align: justify;\">O gerente de Engenharia e Tecnologia da TV Anhanguera, Carlos Cauvilla, destacou o processo de desligamento em Rio Verde (GO), primeira cidade do pa\u00eds a ter somente o sinal digital. Ele fez um balan\u00e7o das a\u00e7\u00f5es realizadas pela emissora no processo de transi\u00e7\u00e3o na capital goiana e no interior. \u201c\u00c9 imensur\u00e1vel o tanto que a qualidade de som e imagem de TV \u00e9 superior no sinal digital, que j\u00e1 \u00e9 uma realidade no estado de Goi\u00e1s\u201d, afirmou.<\/p>\n<p style=\"text-align: justify;\"><strong><a href=\"http:\/\/www.abert.org.br\/imprensa\/Lista-cidades-goianas-31-de-maio.pdf\" target=\"_blank\" rel=\"noopener noreferrer\">Confira aqui<\/a><\/strong> as cidades que ter\u00e3o o sinal anal\u00f3gico totalmente desligado em 31 de maio.<\/p>\n<p style=\"text-align: justify;\">Os benefici\u00e1rios de programas sociais que t\u00eam direito ao kit devem ligar gratuitamente para 147, ou acessar <strong><a href=\"http:\/\/www.sejadigital.com.br\/\" target=\"_blank\" rel=\"noopener noreferrer\">www.sejadigital.com.br<\/a><\/strong> para agendar a retirada do equipamento no local mais pr\u00f3ximo.<\/p>\n<\/div>\n","protected":false},"excerpt":{"rendered":"<p>Aproximadamente 3 milh\u00f5es de moradores de Goi\u00e2nia (GO) e de&hellip;<\/p>\n<p> <a class=\"more-link\" href=\"https:\/\/sertsc.org.br\/site\/goiania-prepara-populacao-para-fim-do-sinal-analogico-de-tv\/\">Leia mais<\/a><\/p>\n","protected":false},"author":1,"featured_media":0,"comment_status":"closed","ping_status":"open","sticky":false,"template":"","format":"standard","meta":{"footnotes":""},"categories":[1],"tags":[],"class_list":{"0":"post-3686","1":"post","2":"type-post","3":"status-publish","4":"format-standard","6":"category-geral"},"_links":{"self":[{"href":"https:\/\/sertsc.org.br\/site\/wp-json\/wp\/v2\/posts\/3686","targetHints":{"allow":["GET"]}}],"collection":[{"href":"https:\/\/sertsc.org.br\/site\/wp-json\/wp\/v2\/posts"}],"about":[{"href":"https:\/\/sertsc.org.br\/site\/wp-json\/wp\/v2\/types\/post"}],"author":[{"embeddable":true,"href":"https:\/\/sertsc.org.br\/site\/wp-json\/wp\/v2\/users\/1"}],"replies":[{"embeddable":true,"href":"https:\/\/sertsc.org.br\/site\/wp-json\/wp\/v2\/comments?post=3686"}],"version-history":[{"count":0,"href":"https:\/\/sertsc.org.br\/site\/wp-json\/wp\/v2\/posts\/3686\/revisions"}],"wp:attachment":[{"href":"https:\/\/sertsc.org.br\/site\/wp-json\/wp\/v2\/media?parent=3686"}],"wp:term":[{"taxonomy":"category","embeddable":true,"href":"https:\/\/sertsc.org.br\/site\/wp-json\/wp\/v2\/categories?post=3686"},{"taxonomy":"post_tag","embeddable":true,"href":"https:\/\/sertsc.org.br\/site\/wp-json\/wp\/v2\/tags?post=3686"}],"curies":[{"name":"wp","href":"https:\/\/api.w.org\/{rel}","templated":true}]}}