{"id":3682,"date":"2017-02-16T09:08:59","date_gmt":"2017-02-16T11:08:59","guid":{"rendered":"http:\/\/www.sertsc.org.br\/site\/?p=3682"},"modified":"2017-02-16T09:08:59","modified_gmt":"2017-02-16T11:08:59","slug":"em-webserie-fernando-morgado-aborda-acoes-e-eventos-promocionais-para-radio","status":"publish","type":"post","link":"https:\/\/sertsc.org.br\/site\/em-webserie-fernando-morgado-aborda-acoes-e-eventos-promocionais-para-radio\/","title":{"rendered":"Em webs\u00e9rie Fernando Morgado aborda a\u00e7\u00f5es e eventos promocionais para r\u00e1dio"},"content":{"rendered":"<p style=\"text-align: justify;\">Novo v\u00eddeo da webs\u00e9rie da Federa\u00e7\u00e3o Nacional das Empresas de R\u00e1dio e TV (FENAERT), postado quarta-feira (14), falou sobre um tema fundamental para a exposi\u00e7\u00e3o da marca das emissoras de r\u00e1dio: <strong>as a\u00e7\u00f5es e eventos promocionais<\/strong>.<\/p>\n<p style=\"text-align: justify;\">O assunto foi abordado pelo professor de Dire\u00e7\u00e3o e Produ\u00e7\u00e3o em R\u00e1dio e de Hist\u00f3ria da Televis\u00e3o Mundial, Fernando Morgado, que \u00e9 coordenador de comunica\u00e7\u00e3o da entidade.<\/p>\n<p style=\"text-align: justify;\">&#8220;<em>A a\u00e7\u00e3o promocional \u00e9 o que faz a radio ser vista na rua, se relacionar com o ouvinte. Ajuda a fortalecer a lembran\u00e7a de marca da r\u00e1dio. Mas vai al\u00e9m, porque gera neg\u00f3cios<\/em>&#8220;, avalia Morgado.<\/p>\n<p style=\"text-align: justify;\">Confira:<\/p>\n<p><iframe title=\"Webs\u00e9rie #3: a\u00e7\u00f5es e eventos promocionais\" width=\"800\" height=\"450\" src=\"https:\/\/www.youtube.com\/embed\/KbCFOrt0FBU?feature=oembed\" frameborder=\"0\" allow=\"accelerometer; autoplay; clipboard-write; encrypted-media; gyroscope; picture-in-picture; web-share\" allowfullscreen><\/iframe><\/p>\n<p style=\"text-align: justify;\">O v\u00eddeo faz parte de uma s\u00e9rie de conte\u00fados voltados para a radiodifus\u00e3o.<\/p>\n<p style=\"text-align: justify;\">A Webs\u00e9rie traz toda semana temas de interesse do radiodifusor e que tamb\u00e9m fazem parte das disciplinas do primeiro curso de p\u00f3s-gradua\u00e7\u00e3o de Gest\u00e3o em Radiodifus\u00e3o, parceria da FENAERT, Uninter, Abert e Aerp.<\/p>\n<p style=\"text-align: justify;\">Saiba mais sobre o curso de p\u00f3s-gradua\u00e7\u00e3o de Gest\u00e3o em Radiodifus\u00e3o <a href=\"http:\/\/www.uninter.com\/radiosparceiras\/\" target=\"_blank\" rel=\"noopener noreferrer\">aqui<\/a>.<\/p>\n<p style=\"text-align: justify;\">Fonte: SERT\/SC com informa\u00e7\u00f5es FENAERT<\/p>\n","protected":false},"excerpt":{"rendered":"<p>Novo v\u00eddeo da webs\u00e9rie da Federa\u00e7\u00e3o Nacional das Empresas de&hellip;<\/p>\n<p> <a class=\"more-link\" href=\"https:\/\/sertsc.org.br\/site\/em-webserie-fernando-morgado-aborda-acoes-e-eventos-promocionais-para-radio\/\">Leia mais<\/a><\/p>\n","protected":false},"author":1,"featured_media":0,"comment_status":"closed","ping_status":"open","sticky":false,"template":"","format":"standard","meta":{"footnotes":""},"categories":[1],"tags":[],"class_list":{"0":"post-3682","1":"post","2":"type-post","3":"status-publish","4":"format-standard","6":"category-geral"},"_links":{"self":[{"href":"https:\/\/sertsc.org.br\/site\/wp-json\/wp\/v2\/posts\/3682","targetHints":{"allow":["GET"]}}],"collection":[{"href":"https:\/\/sertsc.org.br\/site\/wp-json\/wp\/v2\/posts"}],"about":[{"href":"https:\/\/sertsc.org.br\/site\/wp-json\/wp\/v2\/types\/post"}],"author":[{"embeddable":true,"href":"https:\/\/sertsc.org.br\/site\/wp-json\/wp\/v2\/users\/1"}],"replies":[{"embeddable":true,"href":"https:\/\/sertsc.org.br\/site\/wp-json\/wp\/v2\/comments?post=3682"}],"version-history":[{"count":0,"href":"https:\/\/sertsc.org.br\/site\/wp-json\/wp\/v2\/posts\/3682\/revisions"}],"wp:attachment":[{"href":"https:\/\/sertsc.org.br\/site\/wp-json\/wp\/v2\/media?parent=3682"}],"wp:term":[{"taxonomy":"category","embeddable":true,"href":"https:\/\/sertsc.org.br\/site\/wp-json\/wp\/v2\/categories?post=3682"},{"taxonomy":"post_tag","embeddable":true,"href":"https:\/\/sertsc.org.br\/site\/wp-json\/wp\/v2\/tags?post=3682"}],"curies":[{"name":"wp","href":"https:\/\/api.w.org\/{rel}","templated":true}]}}