{"id":3678,"date":"2017-02-15T14:07:33","date_gmt":"2017-02-15T16:07:33","guid":{"rendered":"http:\/\/www.sertsc.org.br\/site\/?p=3678"},"modified":"2017-02-15T14:07:33","modified_gmt":"2017-02-15T16:07:33","slug":"brasileiro-aumenta-tempo-que-passa-diante-da-tv","status":"publish","type":"post","link":"https:\/\/sertsc.org.br\/site\/brasileiro-aumenta-tempo-que-passa-diante-da-tv\/","title":{"rendered":"Brasileiro aumenta tempo que passa diante da TV"},"content":{"rendered":"<p class=\"post-title title title-large entry-title\"><strong>Levantamento da Kantar Ibope Media mostra que passamos 6h17min, em m\u00e9dia, por dia<\/strong><\/p>\n<p style=\"text-align: justify;\">De acordo com levantamento da Kantar IBOPE Media, o tempo que o telespectador dedicou ao consumo de TV (aberta e por assinatura) aumentou 16 minutos no \u00faltimo ano. Em m\u00e9dia, os brasileiros assistiram 6 horas e 17 minutos de conte\u00fado televisivo por dia. Em 2015, eram 6 horas e 1 minuto. O estudo foi realizado nas 15 regi\u00f5es aferidas regularmente pela empresa no pa\u00eds.<\/p>\n<p style=\"text-align: justify;\">Ainda de acordo com o levantamento, as mulheres assistiram mais TV do que os homens. Em 2016, elas dedicaram pouco mais de 6 horas e 34 minutos \u00e0 televis\u00e3o, enquanto os homens somaram 5 horas e 57 minutos di\u00e1rios.<\/p>\n<p style=\"text-align: justify;\">\u201c\u00c9 poss\u00edvel dizer que a televis\u00e3o mant\u00e9m seu papel de destaque devido ao seu alto poder de alcance: est\u00e1 presente em praticamente todos os lares brasileiros, impactando um n\u00famero consider\u00e1vel de pessoas. De 2012 para c\u00e1, vemos crescimento tanto no percentual de aparelhos ligados quanto no tempo m\u00e9dio di\u00e1rio dedicado \u00e0 atividade de ver televis\u00e3o. Mesmo com consumo de m\u00eddia sendo diversificado em outras telas e plataformas, a TV mant\u00e9m o crescimento\u201d, analisa F\u00e1bia Juliasz, diretora de Video Audience Measurement da Kantar IBOPE Media.<\/p>\n<p style=\"text-align: justify;\">Al\u00e9m disso, o tempo m\u00e9dio dedicado \u00e0 TV pelos jovens de 4 a 11 anos subiu 2,9% de 2015 para 2016. J\u00e1 entre 12 e 17 anos, o percentual foi ligeiramente maior, chegando a 3,1%. A faixa et\u00e1ria com maior crescimento de tempo m\u00e9dio dedicado \u00e0 TV foi a entre 18 e 24 anos (+6,7%).<\/p>\n<p style=\"text-align: justify;\">Fonte: Tele S\u00edntese<\/p>\n","protected":false},"excerpt":{"rendered":"<p>Levantamento da Kantar Ibope Media mostra que passamos 6h17min, em&hellip;<\/p>\n<p> <a class=\"more-link\" href=\"https:\/\/sertsc.org.br\/site\/brasileiro-aumenta-tempo-que-passa-diante-da-tv\/\">Leia mais<\/a><\/p>\n","protected":false},"author":1,"featured_media":0,"comment_status":"closed","ping_status":"open","sticky":false,"template":"","format":"standard","meta":{"footnotes":""},"categories":[1],"tags":[],"class_list":{"0":"post-3678","1":"post","2":"type-post","3":"status-publish","4":"format-standard","6":"category-geral"},"_links":{"self":[{"href":"https:\/\/sertsc.org.br\/site\/wp-json\/wp\/v2\/posts\/3678","targetHints":{"allow":["GET"]}}],"collection":[{"href":"https:\/\/sertsc.org.br\/site\/wp-json\/wp\/v2\/posts"}],"about":[{"href":"https:\/\/sertsc.org.br\/site\/wp-json\/wp\/v2\/types\/post"}],"author":[{"embeddable":true,"href":"https:\/\/sertsc.org.br\/site\/wp-json\/wp\/v2\/users\/1"}],"replies":[{"embeddable":true,"href":"https:\/\/sertsc.org.br\/site\/wp-json\/wp\/v2\/comments?post=3678"}],"version-history":[{"count":0,"href":"https:\/\/sertsc.org.br\/site\/wp-json\/wp\/v2\/posts\/3678\/revisions"}],"wp:attachment":[{"href":"https:\/\/sertsc.org.br\/site\/wp-json\/wp\/v2\/media?parent=3678"}],"wp:term":[{"taxonomy":"category","embeddable":true,"href":"https:\/\/sertsc.org.br\/site\/wp-json\/wp\/v2\/categories?post=3678"},{"taxonomy":"post_tag","embeddable":true,"href":"https:\/\/sertsc.org.br\/site\/wp-json\/wp\/v2\/tags?post=3678"}],"curies":[{"name":"wp","href":"https:\/\/api.w.org\/{rel}","templated":true}]}}