{"id":3676,"date":"2017-02-15T11:02:19","date_gmt":"2017-02-15T13:02:19","guid":{"rendered":"http:\/\/www.sertsc.org.br\/site\/?p=3676"},"modified":"2017-02-15T11:02:19","modified_gmt":"2017-02-15T13:02:19","slug":"votacao-da-mp-que-prorroga-prazo-para-concessao-de-radio-e-cancelada-no-senado","status":"publish","type":"post","link":"https:\/\/sertsc.org.br\/site\/votacao-da-mp-que-prorroga-prazo-para-concessao-de-radio-e-cancelada-no-senado\/","title":{"rendered":"Vota\u00e7\u00e3o da MP que prorroga prazo para concess\u00e3o de r\u00e1dio \u00e9 cancelada no Senado"},"content":{"rendered":"<p>A agenda dos trabalhos das comiss\u00f5es do Senado mostrou que a vota\u00e7\u00e3o da Medida Provis\u00f3ria 747\/16, que prorrogou prazo para renova\u00e7\u00e3o das concess\u00f5es e permiss\u00f5es das emissoras de radiodifus\u00e3o, foi cancelada. A comiss\u00e3o mista que analisa a MP havia marcado a vota\u00e7\u00e3o para esta quarta-feira (15).<\/p>\n<div>O adiamento foi pedido pelo presidente da comiss\u00e3o mista, senador Cidinho Santos (PR-MT), e pelo relator da MP, deputado Nilson Leit\u00e3o (PSDB-MT). A vota\u00e7\u00e3o estava prevista para esta quarta-feira, \u00e0s 14h30. Ainda n\u00e3o foi definida nova data para an\u00e1lise.<\/div>\n<div><\/div>\n<div>A Medida Provis\u00f3ria possibilitou \u00e0s emissoras que est\u00e3o com concess\u00f5es vencidas \u2014 e que ainda n\u00e3o apresentaram o pedido de renova\u00e7\u00e3o \u2014 regularizar a situa\u00e7\u00e3o junto ao Minist\u00e9rio da Ci\u00eancia, Tecnologia, Inova\u00e7\u00f5es e Comunica\u00e7\u00f5es no prazo de 90 dias contados a partir da data da publica\u00e7\u00e3o da lei. A regulariza\u00e7\u00e3o, no entanto, s\u00f3 ser\u00e1 poss\u00edvel se o Congresso Nacional ainda n\u00e3o tiver deliberado sobre a extin\u00e7\u00e3o da outorga.<\/div>\n<div><\/div>\n<div>Os 90 dias tamb\u00e9m poder\u00e3o ser usados pelas emissoras que apresentaram a renova\u00e7\u00e3o fora do prazo legal (os chamados \u201cpedidos intempestivos\u201d), mesmo que as concess\u00f5es tenham sido declaradas extintas pelo Executivo, mas ainda n\u00e3o tenham sido analisadas pelo Congresso.<\/div>\n<div><\/div>\n<div>No caso das r\u00e1dios comunit\u00e1rias, o pedido de renova\u00e7\u00e3o de outorga poder\u00e1 ser feito a partir do \u00faltimo ano at\u00e9 dois meses antes do t\u00e9rmino do prazo de funcionamento. Vencido esse prazo sem o pedido, a emissora ser\u00e1 notificada para que responda em at\u00e9 30 dias. Em caso de resposta solicitando a renova\u00e7\u00e3o da outorga, a r\u00e1dio ser\u00e1 multada. Se n\u00e3o houver resposta, a autoriza\u00e7\u00e3o ser\u00e1 encerrada.<\/div>\n<div><\/div>\n<div>Atualmente, as concess\u00f5es de radiodifus\u00e3o t\u00eam a dura\u00e7\u00e3o de 10 anos, no caso das r\u00e1dios, e 15 anos, no caso das TVs. De acordo com a Constitui\u00e7\u00e3o, compete ao governo outorgar e renovar as concess\u00f5es. Cabe ao Congresso analisar a decis\u00e3o do Executivo. O ato de outorga ou renova\u00e7\u00e3o somente produz efeito legal ap\u00f3s delibera\u00e7\u00e3o da C\u00e2mara e do Senado.<\/div>\n<div><\/div>\n<div>Fonte: Tudo R\u00e1dio.<\/div>\n","protected":false},"excerpt":{"rendered":"<p>A agenda dos trabalhos das comiss\u00f5es do Senado mostrou que&hellip;<\/p>\n<p> <a class=\"more-link\" href=\"https:\/\/sertsc.org.br\/site\/votacao-da-mp-que-prorroga-prazo-para-concessao-de-radio-e-cancelada-no-senado\/\">Leia mais<\/a><\/p>\n","protected":false},"author":1,"featured_media":0,"comment_status":"closed","ping_status":"open","sticky":false,"template":"","format":"standard","meta":{"footnotes":""},"categories":[1],"tags":[],"class_list":{"0":"post-3676","1":"post","2":"type-post","3":"status-publish","4":"format-standard","6":"category-geral"},"_links":{"self":[{"href":"https:\/\/sertsc.org.br\/site\/wp-json\/wp\/v2\/posts\/3676","targetHints":{"allow":["GET"]}}],"collection":[{"href":"https:\/\/sertsc.org.br\/site\/wp-json\/wp\/v2\/posts"}],"about":[{"href":"https:\/\/sertsc.org.br\/site\/wp-json\/wp\/v2\/types\/post"}],"author":[{"embeddable":true,"href":"https:\/\/sertsc.org.br\/site\/wp-json\/wp\/v2\/users\/1"}],"replies":[{"embeddable":true,"href":"https:\/\/sertsc.org.br\/site\/wp-json\/wp\/v2\/comments?post=3676"}],"version-history":[{"count":0,"href":"https:\/\/sertsc.org.br\/site\/wp-json\/wp\/v2\/posts\/3676\/revisions"}],"wp:attachment":[{"href":"https:\/\/sertsc.org.br\/site\/wp-json\/wp\/v2\/media?parent=3676"}],"wp:term":[{"taxonomy":"category","embeddable":true,"href":"https:\/\/sertsc.org.br\/site\/wp-json\/wp\/v2\/categories?post=3676"},{"taxonomy":"post_tag","embeddable":true,"href":"https:\/\/sertsc.org.br\/site\/wp-json\/wp\/v2\/tags?post=3676"}],"curies":[{"name":"wp","href":"https:\/\/api.w.org\/{rel}","templated":true}]}}