{"id":3673,"date":"2017-02-15T09:46:48","date_gmt":"2017-02-15T11:46:48","guid":{"rendered":"http:\/\/www.sertsc.org.br\/site\/?p=3673"},"modified":"2017-02-15T09:46:48","modified_gmt":"2017-02-15T11:46:48","slug":"projeto-aumenta-tempo-de-propaganda-politica-em-radio-e-tv-e-proibe-montagens","status":"publish","type":"post","link":"https:\/\/sertsc.org.br\/site\/projeto-aumenta-tempo-de-propaganda-politica-em-radio-e-tv-e-proibe-montagens\/","title":{"rendered":"Projeto aumenta tempo de propaganda pol\u00edtica em r\u00e1dio e TV e pro\u00edbe montagens"},"content":{"rendered":"<p style=\"text-align: justify;\">Maior tempo de propaganda pol\u00edtica no r\u00e1dio e na televis\u00e3o para os candidatos a cargos em elei\u00e7\u00f5es proporcionais est\u00e1 previsto em projeto de lei (PLS <a href=\"http:\/\/www25.senado.leg.br\/web\/atividade\/materias\/-\/materia\/127963\">13\/2017<\/a>) da senadora Vanessa Grazziotin (PCdoB-AM) apresentado no dia 7 de fevereiro. Pela proposta, tamb\u00e9m ficar\u00e1 proibido o uso de grava\u00e7\u00f5es externas e montagens de imagem nos programas.<\/p>\n<p style=\"text-align: justify;\">O texto, que est\u00e1 em an\u00e1lise na Comiss\u00e3o de Constitui\u00e7\u00e3o, Justi\u00e7a e Cidadania (CCJ), determina que o tempo de propaganda para deputado federal ter\u00e1 um acr\u00e9scimo de dez minutos, em cada um dos dois per\u00edodos previstos para as inser\u00e7\u00f5es, tanto no r\u00e1dio quanto na TV. O mesmo acr\u00e9scimo dever\u00e1 ser garantido para a propaganda de candidato a deputado estadual ou distrital.<\/p>\n<p style=\"text-align: justify;\">O projeto, que altera a Lei das Elei\u00e7\u00f5es (<a class=\"external-link\" href=\"http:\/\/www.planalto.gov.br\/ccivil_03\/Leis\/L9504.htm\">Lei 9.504\/1997<\/a>) tamb\u00e9m veda a utiliza\u00e7\u00e3o de grava\u00e7\u00f5es externas, montagens ou trucagens, computa\u00e7\u00e3o gr\u00e1fica, desenhos animados e efeitos especiais. Fica proibida ainda a veicula\u00e7\u00e3o de mensagens que possam degradar ou ridicularizar candidato, partido ou coliga\u00e7\u00e3o.<\/p>\n<p style=\"text-align: justify;\">A senadora considera a propaganda eleitoral gratuita no r\u00e1dio e na televis\u00e3o a principal forma de comunica\u00e7\u00e3o entre os candidatos e os eleitores. Vanessa observa que, no entendimento da popula\u00e7\u00e3o, a campanha eleitoral come\u00e7a, efetivamente, com o in\u00edcio da propaganda nesses ve\u00edculos. Ela destaca tamb\u00e9m que a maioria dos eleitores conhece as propostas dos candidatos por meio da propaganda em hor\u00e1rios fixos e das inser\u00e7\u00f5es ao longo do dia.<\/p>\n<p style=\"text-align: justify;\">Vanessa Grazziotin lamenta altera\u00e7\u00e3o recente na legisla\u00e7\u00e3o eleitoral (Lei <a href=\"http:\/\/www.planalto.gov.br\/ccivil_03\/_Ato2015-2018\/2015\/Lei\/L13165.htm#art2\">13.165\/2015<\/a>)\u00a0 que reduziu o tempo de propaganda para os cargos eleitos pelo sistema proporcional. Segundo a senadora, a redu\u00e7\u00e3o foi &#8220;um contrassenso\u201d, pois \u00e9 justamente nesse tipo de elei\u00e7\u00e3o que se manifesta mais claramente o pluralismo pol\u00edtico. Vanessa acrescenta que, nas elei\u00e7\u00f5es de 2016, \u201cfoi un\u00e2nime a reclama\u00e7\u00e3o \u2013 de candidatos e eleitores \u2013 de que era imposs\u00edvel conhecer as propostas de todos os candidatos em t\u00e3o ex\u00edguo tempo\u201d.<\/p>\n<p style=\"text-align: justify;\">Na avalia\u00e7\u00e3o da senadora, a legisla\u00e7\u00e3o atual privilegia indevidamente quem j\u00e1 tem cargo p\u00fablico ou posi\u00e7\u00e3o de destaque, al\u00e9m de impedir a adequada discuss\u00e3o de ideias e programas, que \u00e9 o que interessa ao cidad\u00e3o eleitor. Ela\u00a0 argumenta que o objetivo do seu projeto \u00e9 privilegiar a finalidade principal da propaganda eleitoral gratuita, que \u00e9 garantir o acesso igualit\u00e1rio dos candidatos aos meios de comunica\u00e7\u00e3o, para que transmitam ao eleitor sua mensagem e suas ideias.<\/p>\n<p class=\"text-muted\" style=\"text-align: justify;\"><small>Fonte: Ag\u00eancia Senado\u00a0<\/small><\/p>\n","protected":false},"excerpt":{"rendered":"<p>Maior tempo de propaganda pol\u00edtica no r\u00e1dio e na televis\u00e3o&hellip;<\/p>\n<p> <a class=\"more-link\" href=\"https:\/\/sertsc.org.br\/site\/projeto-aumenta-tempo-de-propaganda-politica-em-radio-e-tv-e-proibe-montagens\/\">Leia mais<\/a><\/p>\n","protected":false},"author":1,"featured_media":0,"comment_status":"closed","ping_status":"open","sticky":false,"template":"","format":"standard","meta":{"footnotes":""},"categories":[1],"tags":[],"class_list":{"0":"post-3673","1":"post","2":"type-post","3":"status-publish","4":"format-standard","6":"category-geral"},"_links":{"self":[{"href":"https:\/\/sertsc.org.br\/site\/wp-json\/wp\/v2\/posts\/3673","targetHints":{"allow":["GET"]}}],"collection":[{"href":"https:\/\/sertsc.org.br\/site\/wp-json\/wp\/v2\/posts"}],"about":[{"href":"https:\/\/sertsc.org.br\/site\/wp-json\/wp\/v2\/types\/post"}],"author":[{"embeddable":true,"href":"https:\/\/sertsc.org.br\/site\/wp-json\/wp\/v2\/users\/1"}],"replies":[{"embeddable":true,"href":"https:\/\/sertsc.org.br\/site\/wp-json\/wp\/v2\/comments?post=3673"}],"version-history":[{"count":0,"href":"https:\/\/sertsc.org.br\/site\/wp-json\/wp\/v2\/posts\/3673\/revisions"}],"wp:attachment":[{"href":"https:\/\/sertsc.org.br\/site\/wp-json\/wp\/v2\/media?parent=3673"}],"wp:term":[{"taxonomy":"category","embeddable":true,"href":"https:\/\/sertsc.org.br\/site\/wp-json\/wp\/v2\/categories?post=3673"},{"taxonomy":"post_tag","embeddable":true,"href":"https:\/\/sertsc.org.br\/site\/wp-json\/wp\/v2\/tags?post=3673"}],"curies":[{"name":"wp","href":"https:\/\/api.w.org\/{rel}","templated":true}]}}