{"id":3653,"date":"2017-02-13T10:09:50","date_gmt":"2017-02-13T12:09:50","guid":{"rendered":"http:\/\/www.sertsc.org.br\/site\/?p=3653"},"modified":"2017-02-13T10:09:50","modified_gmt":"2017-02-13T12:09:50","slug":"13-de-fevereiro-dia-mundial-do-radio","status":"publish","type":"post","link":"https:\/\/sertsc.org.br\/site\/13-de-fevereiro-dia-mundial-do-radio\/","title":{"rendered":"13 de Fevereiro &#8211; Dia Mundial do R\u00e1dio"},"content":{"rendered":"<p style=\"text-align: justify;\"><a href=\"http:\/\/www.sertsc.org.br\/site\/wp-content\/uploads\/2017\/02\/dia-do-radio-sert.jpg\"><img fetchpriority=\"high\" decoding=\"async\" class=\"aligncenter wp-image-3654 size-full\" src=\"http:\/\/www.sertsc.org.br\/site\/wp-content\/uploads\/2017\/02\/dia-do-radio-sert.jpg\" alt=\"dia-do-radio-sert\" width=\"1332\" height=\"722\" \/><\/a><br \/>\n\u201cO Dia Mundial do R\u00e1dio \u00e9 celebrado anualmente no dia 13 de fevereiro. O Dia foi proclamado pela Assembleia Geral da <a href=\"http:\/\/www.diamundialradio.org\/\" target=\"_blank\" rel=\"noopener noreferrer\">UNESCO<\/a>\u00a0em 2011. O tema para a edi\u00e7\u00e3o do <a href=\"http:\/\/www.diamundialradio.org\/\" target=\"_blank\" rel=\"noopener noreferrer\">Dia Mundial do R\u00e1dio de 2017<\/a>\u00a0\u00e9 \u2018O r\u00e1dio \u00e9 voc\u00ea!\u2019, um chamado por maior participa\u00e7\u00e3o das audi\u00eancias e comunidades nas pol\u00edticas e planejamento da radiodifus\u00e3o.\u201c<\/p>\n<p style=\"text-align: justify;\">O SERT\/SC apoia esta campanha e celebra junto o Dia do R\u00e1dio.<\/p>\n<p style=\"text-align: justify;\">Fonte: SERT\/SC com informa\u00e7\u00f5es UNESCO.<\/p>\n","protected":false},"excerpt":{"rendered":"<p>\u201cO Dia Mundial do R\u00e1dio \u00e9 celebrado anualmente no dia&hellip;<\/p>\n<p> <a class=\"more-link\" href=\"https:\/\/sertsc.org.br\/site\/13-de-fevereiro-dia-mundial-do-radio\/\">Leia mais<\/a><\/p>\n","protected":false},"author":1,"featured_media":0,"comment_status":"closed","ping_status":"open","sticky":false,"template":"","format":"standard","meta":{"footnotes":""},"categories":[1],"tags":[],"class_list":{"0":"post-3653","1":"post","2":"type-post","3":"status-publish","4":"format-standard","6":"category-geral"},"_links":{"self":[{"href":"https:\/\/sertsc.org.br\/site\/wp-json\/wp\/v2\/posts\/3653","targetHints":{"allow":["GET"]}}],"collection":[{"href":"https:\/\/sertsc.org.br\/site\/wp-json\/wp\/v2\/posts"}],"about":[{"href":"https:\/\/sertsc.org.br\/site\/wp-json\/wp\/v2\/types\/post"}],"author":[{"embeddable":true,"href":"https:\/\/sertsc.org.br\/site\/wp-json\/wp\/v2\/users\/1"}],"replies":[{"embeddable":true,"href":"https:\/\/sertsc.org.br\/site\/wp-json\/wp\/v2\/comments?post=3653"}],"version-history":[{"count":0,"href":"https:\/\/sertsc.org.br\/site\/wp-json\/wp\/v2\/posts\/3653\/revisions"}],"wp:attachment":[{"href":"https:\/\/sertsc.org.br\/site\/wp-json\/wp\/v2\/media?parent=3653"}],"wp:term":[{"taxonomy":"category","embeddable":true,"href":"https:\/\/sertsc.org.br\/site\/wp-json\/wp\/v2\/categories?post=3653"},{"taxonomy":"post_tag","embeddable":true,"href":"https:\/\/sertsc.org.br\/site\/wp-json\/wp\/v2\/tags?post=3653"}],"curies":[{"name":"wp","href":"https:\/\/api.w.org\/{rel}","templated":true}]}}