{"id":3646,"date":"2017-02-09T14:46:58","date_gmt":"2017-02-09T16:46:58","guid":{"rendered":"http:\/\/www.sertsc.org.br\/site\/?p=3646"},"modified":"2017-02-09T14:46:58","modified_gmt":"2017-02-09T16:46:58","slug":"sc-vai-receber-mutirao-para-agilizar-a-migracao-am-fm","status":"publish","type":"post","link":"https:\/\/sertsc.org.br\/site\/sc-vai-receber-mutirao-para-agilizar-a-migracao-am-fm\/","title":{"rendered":"SC vai receber mutir\u00e3o para agilizar a Migra\u00e7\u00e3o AM-FM"},"content":{"rendered":"<p style=\"text-align: justify;\">O Minist\u00e9rio de Ci\u00eancia, Tecnologia, Inova\u00e7\u00f5es e Comunica\u00e7\u00f5es &#8211; <strong>MCTIC vai realizar mutir\u00f5es estaduais para agilizar o processo de Migra\u00e7\u00e3o<\/strong> das r\u00e1dios do AM para o FM.<strong> Santa Catarina ser\u00e1 o primeiro estado do Brasil a receber os representantes do minist\u00e9rio<\/strong>. O evento est\u00e1 programado para o dia 17 de fevereiro, \u00e0s\u00a09h30, no teatro Pedro Ivo Campos, em Florian\u00f3polis.<\/p>\n<p style=\"text-align: justify;\">A solenidade ter\u00e1 a presen\u00e7a do <strong>ministro Gilberto Kassab<\/strong>, da <strong>secret\u00e1ria de comunica\u00e7\u00e3o eletr\u00f4nica do MCTIC, Vanda Bonna Nogueira <\/strong>e do <strong>governador Raimundo Colombo. <\/strong>No ato, <strong>ser\u00e3o assinados os termos aditivos ao contrato de adapta\u00e7\u00e3o de outorga de 15 emissoras catarinenses<\/strong>. (Veja a rela\u00e7\u00e3o abaixo)<\/p>\n<p style=\"text-align: justify;\">\u201cPara Santa Catarina \u00e9 um privil\u00e9gio ser contemplada com a presen\u00e7a do excelent\u00edssimo Ministro Kassab e da Dra. Vanda nesse esfor\u00e7o concentrado em prol da migra\u00e7\u00e3o do AM. Reconhecemos o empenho\u00a0do minist\u00e9rio em tornar a migra\u00e7\u00e3o uma realidade para o maior n\u00famero poss\u00edvel de emissoras\u201d, afirma o <strong>presidente da ACAERT, Marcello Corr\u00eaa Petrelli.<\/strong><\/p>\n<p style=\"text-align: justify;\">A partir da publica\u00e7\u00e3o da assinatura no Di\u00e1rio Oficial da Uni\u00e3o &#8211; DOU, come\u00e7am a contar os prazos para a migra\u00e7\u00e3o. \u00a0O primeiro passo \u00e9 pagar o boleto de adapta\u00e7\u00e3o de outorga e apresentar o projeto de instala\u00e7\u00e3o, que precisa ser aprovado pela ANATEL. Tendo essa autoriza\u00e7\u00e3o, o radiodifusor pode iniciar a compra e instala\u00e7\u00e3o de equipamentos. Com o novo parque transmissor instalado e pronto para entrar em opera\u00e7\u00e3o, a emissora deve pedir uma autoriza\u00e7\u00e3o nova de funcionamento na ANATEL, que tamb\u00e9m precisa ser publicada no DOU. Ap\u00f3s a publica\u00e7\u00e3o, inicia o prazo de seis meses em que a emissora pode transmitir a programa\u00e7\u00e3o em <em>simulcasting<\/em> \u2013 tanto em AM como em FM \u2013 informando aos ouvintes o novo <em>dial <\/em>e o fim das transmiss\u00f5es em ondas m\u00e9dias. Vencido o prazo, o canal deve ser devolvido \u00e0 Uni\u00e3o.<\/p>\n<p style=\"text-align: justify;\">\u201cA ACAERT se sente prestigiada por ser a pioneira nesse processo, temos certeza que essa escolha est\u00e1 associada ao nosso profissionalismo, compet\u00eancia e exemplo de organiza\u00e7\u00e3o\u201d, destaca Petrelli.<\/p>\n<p style=\"text-align: justify;\"><strong>Migra\u00e7\u00e3o em SC<\/strong><\/p>\n<p style=\"text-align: justify;\">Mais de 100 emissoras de Santa Catarina solicitaram a Migra\u00e7\u00e3o do AM para o FM. 40 delas est\u00e3o contempladas no primeiro lote, ou seja, n\u00e3o precisam do <em>dial <\/em>estendido. Diversas emissoras catarinenses j\u00e1 est\u00e3o operando em FM, outras aguardam apenas a publica\u00e7\u00e3o da autoriza\u00e7\u00e3o da Anatel no Di\u00e1rio Oficial da Uni\u00e3o. No dia 7 de novembro de 2016, 20 emissoras de Santa Catarina foram autorizadas a iniciar o processo de migra\u00e7\u00e3o. Pouco mais de 60 r\u00e1dios precisar\u00e3o aguardar o desligamento da TV anal\u00f3gica \u2013 e a libera\u00e7\u00e3o dos canais 5 e 6 \u2013 para poder migrar no FM estendido. Para saber mais, clique <strong><a href=\"http:\/\/acaert.com.br\/radiodifusao\/Migra%C3%A7%C3%A3o\" target=\"_blank\" rel=\"noopener noreferrer\">AQUI<\/a>.<\/strong><\/p>\n<p style=\"text-align: justify;\"><a href=\"http:\/\/www.sertsc.org.br\/site\/wp-content\/uploads\/2017\/02\/Tabela_ok.jpg\"><img fetchpriority=\"high\" decoding=\"async\" class=\"aligncenter size-full wp-image-4078\" src=\"http:\/\/www.sertsc.org.br\/site\/wp-content\/uploads\/2017\/02\/Tabela_ok.jpg\" alt=\"Tabela_ok\" width=\"625\" height=\"502\" \/><\/a><\/p>\n<p style=\"text-align: justify;\">\n<p style=\"text-align: justify;\">Fonte: ACAERT.<\/p>\n","protected":false},"excerpt":{"rendered":"<p>O Minist\u00e9rio de Ci\u00eancia, Tecnologia, Inova\u00e7\u00f5es e Comunica\u00e7\u00f5es &#8211; MCTIC&hellip;<\/p>\n<p> <a class=\"more-link\" href=\"https:\/\/sertsc.org.br\/site\/sc-vai-receber-mutirao-para-agilizar-a-migracao-am-fm\/\">Leia mais<\/a><\/p>\n","protected":false},"author":1,"featured_media":0,"comment_status":"closed","ping_status":"open","sticky":false,"template":"","format":"standard","meta":{"footnotes":""},"categories":[3],"tags":[],"class_list":{"0":"post-3646","1":"post","2":"type-post","3":"status-publish","4":"format-standard","6":"category-noticias"},"_links":{"self":[{"href":"https:\/\/sertsc.org.br\/site\/wp-json\/wp\/v2\/posts\/3646","targetHints":{"allow":["GET"]}}],"collection":[{"href":"https:\/\/sertsc.org.br\/site\/wp-json\/wp\/v2\/posts"}],"about":[{"href":"https:\/\/sertsc.org.br\/site\/wp-json\/wp\/v2\/types\/post"}],"author":[{"embeddable":true,"href":"https:\/\/sertsc.org.br\/site\/wp-json\/wp\/v2\/users\/1"}],"replies":[{"embeddable":true,"href":"https:\/\/sertsc.org.br\/site\/wp-json\/wp\/v2\/comments?post=3646"}],"version-history":[{"count":0,"href":"https:\/\/sertsc.org.br\/site\/wp-json\/wp\/v2\/posts\/3646\/revisions"}],"wp:attachment":[{"href":"https:\/\/sertsc.org.br\/site\/wp-json\/wp\/v2\/media?parent=3646"}],"wp:term":[{"taxonomy":"category","embeddable":true,"href":"https:\/\/sertsc.org.br\/site\/wp-json\/wp\/v2\/categories?post=3646"},{"taxonomy":"post_tag","embeddable":true,"href":"https:\/\/sertsc.org.br\/site\/wp-json\/wp\/v2\/tags?post=3646"}],"curies":[{"name":"wp","href":"https:\/\/api.w.org\/{rel}","templated":true}]}}