{"id":3643,"date":"2017-02-09T14:32:00","date_gmt":"2017-02-09T16:32:00","guid":{"rendered":"http:\/\/www.sertsc.org.br\/site\/?p=3643"},"modified":"2017-02-09T14:32:00","modified_gmt":"2017-02-09T16:32:00","slug":"fenaert-lanca-serie-comemorativa-aos-85-anos-da-regulamentacao-da-radiodifusao-comercial","status":"publish","type":"post","link":"https:\/\/sertsc.org.br\/site\/fenaert-lanca-serie-comemorativa-aos-85-anos-da-regulamentacao-da-radiodifusao-comercial\/","title":{"rendered":"FENAERT lan\u00e7a s\u00e9rie comemorativa aos 85 anos da regulamenta\u00e7\u00e3o da radiodifus\u00e3o comercial"},"content":{"rendered":"<p style=\"text-align: justify;\">O dia 1\u00ba de mar\u00e7o marca os 85 anos da regulamenta\u00e7\u00e3o da radiodifus\u00e3o comercial no Brasil. A fim de marcar a data, a FENAERT lan\u00e7a na pr\u00f3xima sexta-feira, 10 de fevereiro, uma s\u00e9rie de conte\u00fados na sua fanpage do Facebook &#8211; facebook.com\/FENAERT.<\/p>\n<p style=\"text-align: justify;\">Ao todo ser\u00e3o seis cards postados duas vezes por semana at\u00e9 o dia 1\u00ba de mar\u00e7o.\u00a0O material foi inspirado na relev\u00e2ncia da radiodifus\u00e3o comercial para a sociedade brasileira. Cada card trar\u00e1 uma curiosidade sobre a hist\u00f3ria do r\u00e1dio e da TV aberta, al\u00e9m das mudan\u00e7as que ocorreram na legisla\u00e7\u00e3o ap\u00f3s 1932.<\/p>\n<p style=\"text-align: justify;\">&#8220;Desde 1932, muito j\u00e1 foi conquistado pela radiodifus\u00e3o, que serve como elo de uni\u00e3o nacional. Esta comemora\u00e7\u00e3o \u00e9 uma homenagem que n\u00f3s, da FENAERT, prestamos para todos os que escreveram a hist\u00f3ria do r\u00e1dio e da TV aberta no Brasil e refor\u00e7a o nosso compromisso com o futuro do setor&#8221;, avalia Fernando Morgado, coordenador de comunica\u00e7\u00e3o da Fernaert.<\/p>\n<p style=\"text-align: justify;\">Fonte: FENAERT<\/p>\n","protected":false},"excerpt":{"rendered":"<p>O dia 1\u00ba de mar\u00e7o marca os 85 anos da&hellip;<\/p>\n<p> <a class=\"more-link\" href=\"https:\/\/sertsc.org.br\/site\/fenaert-lanca-serie-comemorativa-aos-85-anos-da-regulamentacao-da-radiodifusao-comercial\/\">Leia mais<\/a><\/p>\n","protected":false},"author":1,"featured_media":0,"comment_status":"closed","ping_status":"open","sticky":false,"template":"","format":"standard","meta":{"footnotes":""},"categories":[1],"tags":[],"class_list":{"0":"post-3643","1":"post","2":"type-post","3":"status-publish","4":"format-standard","6":"category-geral"},"_links":{"self":[{"href":"https:\/\/sertsc.org.br\/site\/wp-json\/wp\/v2\/posts\/3643","targetHints":{"allow":["GET"]}}],"collection":[{"href":"https:\/\/sertsc.org.br\/site\/wp-json\/wp\/v2\/posts"}],"about":[{"href":"https:\/\/sertsc.org.br\/site\/wp-json\/wp\/v2\/types\/post"}],"author":[{"embeddable":true,"href":"https:\/\/sertsc.org.br\/site\/wp-json\/wp\/v2\/users\/1"}],"replies":[{"embeddable":true,"href":"https:\/\/sertsc.org.br\/site\/wp-json\/wp\/v2\/comments?post=3643"}],"version-history":[{"count":0,"href":"https:\/\/sertsc.org.br\/site\/wp-json\/wp\/v2\/posts\/3643\/revisions"}],"wp:attachment":[{"href":"https:\/\/sertsc.org.br\/site\/wp-json\/wp\/v2\/media?parent=3643"}],"wp:term":[{"taxonomy":"category","embeddable":true,"href":"https:\/\/sertsc.org.br\/site\/wp-json\/wp\/v2\/categories?post=3643"},{"taxonomy":"post_tag","embeddable":true,"href":"https:\/\/sertsc.org.br\/site\/wp-json\/wp\/v2\/tags?post=3643"}],"curies":[{"name":"wp","href":"https:\/\/api.w.org\/{rel}","templated":true}]}}