{"id":3637,"date":"2017-02-08T11:39:54","date_gmt":"2017-02-08T13:39:54","guid":{"rendered":"http:\/\/www.sertsc.org.br\/site\/?p=3637"},"modified":"2017-02-08T11:39:54","modified_gmt":"2017-02-08T13:39:54","slug":"radiodifusor-que-pagou-boleto-espera-assinar-contrato-da-migracaofm","status":"publish","type":"post","link":"https:\/\/sertsc.org.br\/site\/radiodifusor-que-pagou-boleto-espera-assinar-contrato-da-migracaofm\/","title":{"rendered":"Radiodifusor que pagou boleto espera assinar contrato da migra\u00e7\u00e3o\/FM"},"content":{"rendered":"<div class=\"itemIntroText\">\n<p style=\"text-align: justify;\">Aproximadamente 290 emissoras de r\u00e1dio j\u00e1 est\u00e3o funcionando definitivamente na faixa do FM ap\u00f3s conclus\u00e3o do processo de migra\u00e7\u00e3o do AM para o FM.<\/p>\n<\/div>\n<div class=\"itemFullText\">\n<p style=\"text-align: justify;\">O sucesso do in\u00edcio de opera\u00e7\u00e3o das novas emissoras na faixa FM teve grande repercuss\u00e3o no mercado de r\u00e1dio, gerando enorme expectativa para aqueles que ainda n\u00e3o conseguiram finalizar a documenta\u00e7\u00e3o da migra\u00e7\u00e3o.<\/p>\n<p style=\"text-align: justify;\">Ao todo, 1437 r\u00e1dios solicitaram a migra\u00e7\u00e3o, e muitas aguardam com ansiedade o momento da assinatura do termo aditivo da nova outorga junto ao Minist\u00e9rio da Ci\u00eancia, Tecnologia, Inova\u00e7\u00f5es e Comunica\u00e7\u00f5es (MCTIC), para come\u00e7ar a funcionar no FM.<\/p>\n<p style=\"text-align: justify;\">O radiodifusor Janu\u00e1rio Gon\u00e7alves, da R\u00e1dio Cidade NV, de Nova Ven\u00e9cia (ES), pagou o boleto da migra\u00e7\u00e3o h\u00e1 dez dias e agora diz estar ansioso e angustiado para assinar o contrato da migra\u00e7\u00e3o.<\/p>\n<p style=\"text-align: justify;\">\u201cEstamos vivendo a segunda ang\u00fastia nesse processo de migra\u00e7\u00e3o. A primeira foi a longa espera para a chegada do boleto. Quando chegou, pagamos no mesmo dia. Agora vem a ang\u00fastia de saber quando seremos chamados para assinar o termo aditivo. Estamos prontos. Investimos mais de R$ 1 milh\u00e3o. No dia que assinarmos o contrato, se pudermos, vamos para o FM na hora\u201d, disse o empres\u00e1rio.<\/p>\n<p style=\"text-align: justify;\">Ele espera que neste ano, o MCTIC realize eventos como o do final de 2016, quando centenas de emissoras foram chamadas a Bras\u00edlia para assinar o termo aditivo.<\/p>\n<p style=\"text-align: justify;\">\u201cNo dia do Radialista, em novembro de 2016, o Minist\u00e9rio realizou um evento que foi um sucesso, onde centenas de emissoras assinaram o contrato e hoje j\u00e1 est\u00e3o funcionando no FM. Espero que ocorra um ato semelhante e logo, para que possamos ser chamados a assinar esse contrato\u201d, disse.<\/p>\n<p style=\"text-align: justify;\">Segundo o MCTIC, haver\u00e1 novos atos em 2017 de forma itinerante. Os t\u00e9cnicos do Minist\u00e9rio ir\u00e3o aos estados onde as emissoras j\u00e1 realizaram todo o processo de migra\u00e7\u00e3o, faltando apenas a assinatura do termo.<\/p>\n<p style=\"text-align: justify;\">Fonte: ABERT<\/p>\n<\/div>\n","protected":false},"excerpt":{"rendered":"<p>Aproximadamente 290 emissoras de r\u00e1dio j\u00e1 est\u00e3o funcionando definitivamente na&hellip;<\/p>\n<p> <a class=\"more-link\" href=\"https:\/\/sertsc.org.br\/site\/radiodifusor-que-pagou-boleto-espera-assinar-contrato-da-migracaofm\/\">Leia mais<\/a><\/p>\n","protected":false},"author":1,"featured_media":0,"comment_status":"closed","ping_status":"open","sticky":false,"template":"","format":"standard","meta":{"footnotes":""},"categories":[1],"tags":[],"class_list":{"0":"post-3637","1":"post","2":"type-post","3":"status-publish","4":"format-standard","6":"category-geral"},"_links":{"self":[{"href":"https:\/\/sertsc.org.br\/site\/wp-json\/wp\/v2\/posts\/3637","targetHints":{"allow":["GET"]}}],"collection":[{"href":"https:\/\/sertsc.org.br\/site\/wp-json\/wp\/v2\/posts"}],"about":[{"href":"https:\/\/sertsc.org.br\/site\/wp-json\/wp\/v2\/types\/post"}],"author":[{"embeddable":true,"href":"https:\/\/sertsc.org.br\/site\/wp-json\/wp\/v2\/users\/1"}],"replies":[{"embeddable":true,"href":"https:\/\/sertsc.org.br\/site\/wp-json\/wp\/v2\/comments?post=3637"}],"version-history":[{"count":0,"href":"https:\/\/sertsc.org.br\/site\/wp-json\/wp\/v2\/posts\/3637\/revisions"}],"wp:attachment":[{"href":"https:\/\/sertsc.org.br\/site\/wp-json\/wp\/v2\/media?parent=3637"}],"wp:term":[{"taxonomy":"category","embeddable":true,"href":"https:\/\/sertsc.org.br\/site\/wp-json\/wp\/v2\/categories?post=3637"},{"taxonomy":"post_tag","embeddable":true,"href":"https:\/\/sertsc.org.br\/site\/wp-json\/wp\/v2\/tags?post=3637"}],"curies":[{"name":"wp","href":"https:\/\/api.w.org\/{rel}","templated":true}]}}