{"id":3624,"date":"2017-02-06T10:43:57","date_gmt":"2017-02-06T12:43:57","guid":{"rendered":"http:\/\/www.sertsc.org.br\/site\/?p=3624"},"modified":"2017-02-06T10:43:57","modified_gmt":"2017-02-06T12:43:57","slug":"conselho-de-comunicacao-discute-hoje-codigo-de-telecomunicacoes","status":"publish","type":"post","link":"https:\/\/sertsc.org.br\/site\/conselho-de-comunicacao-discute-hoje-codigo-de-telecomunicacoes\/","title":{"rendered":"Conselho de Comunica\u00e7\u00e3o discute hoje C\u00f3digo de Telecomunica\u00e7\u00f5es"},"content":{"rendered":"<p style=\"text-align: justify;\">O <span class=\"termoGlossario\">Conselho de Comunica\u00e7\u00e3o Social do Congresso Nacional<\/span> re\u00fane-se nesta segunda-feira (6), \u00e0s 14 horas, para discutir o projeto que institui o C\u00f3digo Brasileiro de Telecomunica\u00e7\u00f5es (<a href=\"http:\/\/www2.camara.leg.br\/camaranoticias\/noticias\/CIENCIA-E-TECNOLOGIA\/130871-PROJETO-DA-MAIS-PESO-A-PROPOSTA-TECNICA-EM-LICITACAO-DE-RADIO-E-TV.html\" target=\"_blank\" rel=\"noopener noreferrer\">4451\/08<\/a>).<\/p>\n<p style=\"text-align: justify;\">A proposta estabelece normas de julgamento das licita\u00e7\u00f5es para outorga de concess\u00f5es e permiss\u00f5es de servi\u00e7os de radiodifus\u00e3o.<\/p>\n<p style=\"text-align: justify;\">Tamb\u00e9m est\u00e1 na pauta a an\u00e1lise da MP <a href=\"http:\/\/www2.camara.leg.br\/camaranoticias\/noticias\/COMUNICACAO\/517289-MP-747-PERMITE-RENOVACAO-DE-OUTORGA-DE-EMISSORAS-COM-CONCESSAO-VENCIDA.html\" target=\"_blank\" rel=\"noopener noreferrer\">747\/16<\/a>, que trata do processo de renova\u00e7\u00e3o do prazo das concess\u00f5es e permiss\u00f5es dos servi\u00e7os de radiodifus\u00e3o.<\/p>\n<p style=\"text-align: justify;\">Ainda ser\u00e3o analisados o relat\u00f3rio sobre Retransmissoras de Televis\u00e3o \u2013 RTV e o relat\u00f3rio sobre o PL <a href=\"http:\/\/www2.camara.leg.br\/camaranoticias\/noticias\/COMUNICACAO\/517766-PROJETO-PERMITE-CONVERSAO-DE-OUTORGAS-DE-TV-POR-ASSINATURA-EM-TV-ABERTA.html\" target=\"_blank\" rel=\"noopener noreferrer\">2611\/15<\/a>, que altera a Lei 12.485\/11 para inserir a possibilidade de adapta\u00e7\u00e3o das outorgas dos servi\u00e7os de TV por Assinatura (TVA), criado pelo Decreto<a href=\"http:\/\/www2.camara.leg.br\/legin\/fed\/decret\/1988\/decreto-95744-23-fevereiro-1988-445920-norma-pe.html\" target=\"_blank\" rel=\"noopener noreferrer\"> 95.744\/88<\/a>, para servi\u00e7os de radiodifus\u00e3o de sons e imagens<\/p>\n<p style=\"text-align: justify;\">Os conselheiros ainda v\u00e3o definir data e convidados para audi\u00eancia p\u00fablica sobre prolifera\u00e7\u00e3o de not\u00edcias falsas no ambiente digital.<\/p>\n<p style=\"text-align: justify;\">A reuni\u00e3o ser\u00e1 realizada no plen\u00e1rio 3 da ala Alexandre Costa, Senado Federal.<\/p>\n<p style=\"text-align: justify;\"><strong>Cancelamento<\/strong><br \/>\nA reuni\u00e3o da Comiss\u00e3o Tem\u00e1tica de Publicidade e Propaganda, prevista para esta manh\u00e3, foi cancelada.<\/p>\n<p style=\"text-align: justify;\">Font: C\u00e2mara Not\u00edcias.<\/p>\n","protected":false},"excerpt":{"rendered":"<p>O Conselho de Comunica\u00e7\u00e3o Social do Congresso Nacional re\u00fane-se nesta&hellip;<\/p>\n<p> <a class=\"more-link\" href=\"https:\/\/sertsc.org.br\/site\/conselho-de-comunicacao-discute-hoje-codigo-de-telecomunicacoes\/\">Leia mais<\/a><\/p>\n","protected":false},"author":1,"featured_media":0,"comment_status":"closed","ping_status":"open","sticky":false,"template":"","format":"standard","meta":{"footnotes":""},"categories":[1],"tags":[],"class_list":{"0":"post-3624","1":"post","2":"type-post","3":"status-publish","4":"format-standard","6":"category-geral"},"_links":{"self":[{"href":"https:\/\/sertsc.org.br\/site\/wp-json\/wp\/v2\/posts\/3624","targetHints":{"allow":["GET"]}}],"collection":[{"href":"https:\/\/sertsc.org.br\/site\/wp-json\/wp\/v2\/posts"}],"about":[{"href":"https:\/\/sertsc.org.br\/site\/wp-json\/wp\/v2\/types\/post"}],"author":[{"embeddable":true,"href":"https:\/\/sertsc.org.br\/site\/wp-json\/wp\/v2\/users\/1"}],"replies":[{"embeddable":true,"href":"https:\/\/sertsc.org.br\/site\/wp-json\/wp\/v2\/comments?post=3624"}],"version-history":[{"count":0,"href":"https:\/\/sertsc.org.br\/site\/wp-json\/wp\/v2\/posts\/3624\/revisions"}],"wp:attachment":[{"href":"https:\/\/sertsc.org.br\/site\/wp-json\/wp\/v2\/media?parent=3624"}],"wp:term":[{"taxonomy":"category","embeddable":true,"href":"https:\/\/sertsc.org.br\/site\/wp-json\/wp\/v2\/categories?post=3624"},{"taxonomy":"post_tag","embeddable":true,"href":"https:\/\/sertsc.org.br\/site\/wp-json\/wp\/v2\/tags?post=3624"}],"curies":[{"name":"wp","href":"https:\/\/api.w.org\/{rel}","templated":true}]}}