{"id":3613,"date":"2017-02-02T10:04:45","date_gmt":"2017-02-02T12:04:45","guid":{"rendered":"http:\/\/www.sertsc.org.br\/site\/?p=3613"},"modified":"2017-02-02T10:04:45","modified_gmt":"2017-02-02T12:04:45","slug":"congresso-deve-votar-ate-12-de-marco-mp-para-regularizar-concessoes-de-radio-e-tv","status":"publish","type":"post","link":"https:\/\/sertsc.org.br\/site\/congresso-deve-votar-ate-12-de-marco-mp-para-regularizar-concessoes-de-radio-e-tv\/","title":{"rendered":"Congresso deve votar at\u00e9 12 de mar\u00e7o MP para regularizar concess\u00f5es de r\u00e1dio e TV"},"content":{"rendered":"<p style=\"text-align: justify;\">O Congresso tem at\u00e9 12 de mar\u00e7o para votar a medida provis\u00f3ria que prorroga o prazo para regularizar as concess\u00f5es de r\u00e1dio e televis\u00e3o. A MPV 747\/2016 tem que ser votada ainda na comiss\u00e3o mista e nos plen\u00e1rios da C\u00e2mara dos Deputados e do Senado. Uma das mudan\u00e7as sugeridas ao projeto original inclui as r\u00e1dios comunit\u00e1rias na prorroga\u00e7\u00e3o do prazo de renova\u00e7\u00e3o. O relator, deputado Nilson Leit\u00e3o (PSDB-MT), sugere que a renova\u00e7\u00e3o possa ser feita de 12 at\u00e9 dois meses antes do fim do prazo de funcionamento.<\/p>\n<div style=\"text-align: justify;\">A MPV 747\/2016 possibilita que as emissoras que est\u00e3o com concess\u00f5es vencidas, e que ainda n\u00e3o apresentaram o pedido de renova\u00e7\u00e3o, regularizar a situa\u00e7\u00e3o no Minist\u00e9rio da Ci\u00eancia, Tecnologia, Inova\u00e7\u00f5es e Comunica\u00e7\u00f5es no prazo de 90 dias contados da data de san\u00e7\u00e3o da MP. A regulariza\u00e7\u00e3o, no entanto, s\u00f3 ser\u00e1 poss\u00edvel se o Congresso Nacional ainda n\u00e3o tiver deliberado sobre a extin\u00e7\u00e3o da outorga.<\/div>\n<div style=\"text-align: justify;\"><\/div>\n<div style=\"text-align: justify;\">Os 90 dias tamb\u00e9m poder\u00e3o ser usados pelas emissoras que apresentaram a renova\u00e7\u00e3o fora do prazo legal (os chamados \u201cpedidos intempestivos\u201d), mesmo que as concess\u00f5es tenham sido declaradas extintas pelo Executivo, mas ainda n\u00e3o tenham sido analisadas pelo Congresso. No caso das emissoras com a concess\u00e3o em dia, o pedido de renova\u00e7\u00e3o poder\u00e1 ser feito durante os 12 meses anteriores ao vencimento da outorga. Vencida a outorga sem o pedido, o minist\u00e9rio vai notificar a emissora e abrir prazo de 90 dias para que ela se manifeste.<\/div>\n<div style=\"text-align: justify;\"><\/div>\n<div style=\"text-align: justify;\"><strong>Licen\u00e7a provis\u00f3ria<\/strong><\/div>\n<div style=\"text-align: justify;\"><\/div>\n<div style=\"text-align: justify;\">Pelo texto, as emissoras de r\u00e1dio e TV e as r\u00e1dios comunit\u00e1rias poder\u00e3o funcionar em \u201ccar\u00e1ter prec\u00e1rio\u201d caso a concess\u00e3o tenha vencido antes da decis\u00e3o sobre o pedido de renova\u00e7\u00e3o. Desse modo, a emissora ter\u00e1 uma licen\u00e7a provis\u00f3ria de funcionamento at\u00e9 a defini\u00e7\u00e3o da renova\u00e7\u00e3o da outorga pelo Minist\u00e9rio das Comunica\u00e7\u00f5es e pelo Congresso Nacional.<\/div>\n<div style=\"text-align: justify;\"><\/div>\n<div style=\"text-align: justify;\"><strong>Processo<\/strong><\/div>\n<div style=\"text-align: justify;\"><\/div>\n<div style=\"text-align: justify;\">Atualmente, as concess\u00f5es de radiodifus\u00e3o t\u00eam a dura\u00e7\u00e3o de 10 anos, no caso das r\u00e1dios, e 15 anos, no caso das TVs. De acordo com a Constitui\u00e7\u00e3o, compete ao governo outorgar e renovar as concess\u00f5es. Cabe ao Congresso apreciar a decis\u00e3o do Executivo. O ato de outorga ou renova\u00e7\u00e3o somente produz efeito legal ap\u00f3s delibera\u00e7\u00e3o da C\u00e2mara e do Senado.<\/div>\n<div style=\"text-align: justify;\"><\/div>\n<div style=\"text-align: justify;\"><strong>Transfer\u00eancia<\/strong><\/div>\n<div style=\"text-align: justify;\"><\/div>\n<div style=\"text-align: justify;\">O texto possibilita ainda que pedidos de transfer\u00eancia de outorga (que ocorre quando a emissora muda de controle e de raz\u00e3o social) possam ser analisados e aprovados mesmo nos casos em que o pedido de renova\u00e7\u00e3o ainda esteja tramitando. Nesse caso, a transfer\u00eancia s\u00f3 ser\u00e1 deferida ap\u00f3s conclu\u00edda a instru\u00e7\u00e3o do processo de renova\u00e7\u00e3o no minist\u00e9rio \u2014 antes, portanto, da decis\u00e3o do Congresso.<\/div>\n<div style=\"text-align: justify;\"><\/div>\n<div style=\"text-align: justify;\">A MP 747 tamb\u00e9m exige, nas concess\u00f5es ou permiss\u00f5es para explorar servi\u00e7os de radiodifus\u00e3o, declara\u00e7\u00e3o de que nenhum dos dirigentes e s\u00f3cios da entidade se encontre condenado em decis\u00e3o transitada em julgado.<\/div>\n<div style=\"text-align: justify;\"><\/div>\n<div style=\"text-align: justify;\">Fonte: Tudo R\u00e1dio.<\/div>\n","protected":false},"excerpt":{"rendered":"<p>O Congresso tem at\u00e9 12 de mar\u00e7o para votar a&hellip;<\/p>\n<p> <a class=\"more-link\" href=\"https:\/\/sertsc.org.br\/site\/congresso-deve-votar-ate-12-de-marco-mp-para-regularizar-concessoes-de-radio-e-tv\/\">Leia mais<\/a><\/p>\n","protected":false},"author":1,"featured_media":0,"comment_status":"closed","ping_status":"open","sticky":false,"template":"","format":"standard","meta":{"footnotes":""},"categories":[1],"tags":[],"class_list":{"0":"post-3613","1":"post","2":"type-post","3":"status-publish","4":"format-standard","6":"category-geral"},"_links":{"self":[{"href":"https:\/\/sertsc.org.br\/site\/wp-json\/wp\/v2\/posts\/3613","targetHints":{"allow":["GET"]}}],"collection":[{"href":"https:\/\/sertsc.org.br\/site\/wp-json\/wp\/v2\/posts"}],"about":[{"href":"https:\/\/sertsc.org.br\/site\/wp-json\/wp\/v2\/types\/post"}],"author":[{"embeddable":true,"href":"https:\/\/sertsc.org.br\/site\/wp-json\/wp\/v2\/users\/1"}],"replies":[{"embeddable":true,"href":"https:\/\/sertsc.org.br\/site\/wp-json\/wp\/v2\/comments?post=3613"}],"version-history":[{"count":0,"href":"https:\/\/sertsc.org.br\/site\/wp-json\/wp\/v2\/posts\/3613\/revisions"}],"wp:attachment":[{"href":"https:\/\/sertsc.org.br\/site\/wp-json\/wp\/v2\/media?parent=3613"}],"wp:term":[{"taxonomy":"category","embeddable":true,"href":"https:\/\/sertsc.org.br\/site\/wp-json\/wp\/v2\/categories?post=3613"},{"taxonomy":"post_tag","embeddable":true,"href":"https:\/\/sertsc.org.br\/site\/wp-json\/wp\/v2\/tags?post=3613"}],"curies":[{"name":"wp","href":"https:\/\/api.w.org\/{rel}","templated":true}]}}