{"id":3610,"date":"2017-02-01T09:48:30","date_gmt":"2017-02-01T11:48:30","guid":{"rendered":"http:\/\/www.sertsc.org.br\/site\/?p=3610"},"modified":"2017-02-01T09:48:30","modified_gmt":"2017-02-01T11:48:30","slug":"anatel-confirma-desligamento-da-tv-analogica-em-sao-paulo-para-marco","status":"publish","type":"post","link":"https:\/\/sertsc.org.br\/site\/anatel-confirma-desligamento-da-tv-analogica-em-sao-paulo-para-marco\/","title":{"rendered":"Anatel confirma desligamento da TV anal\u00f3gica em S\u00e3o Paulo para mar\u00e7o"},"content":{"rendered":"<p style=\"text-align: justify;\">O presidente da Ag\u00eancia Nacional de Telecomunica\u00e7\u00f5es (Anatel), Juarez Quadros, confirmou nesta ter\u00e7a-feira (31) que est\u00e1 mantida para 29 de mar\u00e7o a data de desligamento da TV anal\u00f3gica na cidade de S\u00e3o Paulo e nos munic\u00edpios do entorno. Segundo Quadros, o Grupo de Implanta\u00e7\u00e3o do Processo de Redistribui\u00e7\u00e3o e Digitaliza\u00e7\u00e3o de Canais de TV e RTV (Gired) n\u00e3o vai propor, ao Minist\u00e9rio das Comunica\u00e7\u00f5es, nenhuma mudan\u00e7a no cronograma de desligamento do sinal anal\u00f3gico na grande S\u00e3o Paulo.<\/p>\n<div style=\"text-align: justify;\">Ele destacou, por\u00e9m, que o ato do desligamento precisa de uma portaria assinada pelo ministro de Ci\u00eancia, Tecnologia, Comunica\u00e7\u00f5es e Inova\u00e7\u00e3o, Gilberto Kassab. \u201cOs dados mostram que at\u00e9 a data do desligamento atingiremos o \u00edndice de 93% dos domic\u00edlios aptos a receberem o sinal digital. N\u00e3o vai haver adiamento\u201d, afirmou Quadros, que tamb\u00e9m presidente o Gired.<\/div>\n<div style=\"text-align: justify;\"><\/div>\n<div style=\"text-align: justify;\">As empresas de telefonia chegaram a pedir o adiamento do cronograma de desligamento na grande S\u00e3o Paulo e tamb\u00e9m em outras cidades. Quadros disse que o pedido referente a S\u00e3o Paulo j\u00e1 foi rejeitado, mas que os outros pedidos ainda ser\u00e3o analisados nas pr\u00f3ximas reuni\u00f5es do Gired.<\/div>\n<div style=\"text-align: justify;\"><\/div>\n<div style=\"text-align: justify;\">De acordo com Quadros, uma pesquisa do Ibope mostrou que, se o sinal de TV anal\u00f3gico fosse desligado hoje na regi\u00e3o, s\u00f3 8% da popula\u00e7\u00e3o ficaria sem sinal digital. A pesquisa apontou que, atualmente, 86% dos domic\u00edlios j\u00e1 est\u00e3o aptos par receber o sinal digital.<\/div>\n<div style=\"text-align: justify;\"><\/div>\n<div style=\"text-align: justify;\">O Minist\u00e9rio prev\u00ea que, para o sinal ser desligado, 93% dos domic\u00edlios devem estar aptos a receber o sinal. Com a confirma\u00e7\u00e3o da ag\u00eancia, a grande S\u00e3o Paulo deve ser a terceira regi\u00e3o a desligar o sinal anal\u00f3gico. J\u00e1 foram desligados os sinais na cidade de Rio Verde (GO) e no Distrito Federal.<\/div>\n<div style=\"text-align: justify;\"><\/div>\n<div style=\"text-align: justify;\"><strong>Kit gratuito<\/strong><\/div>\n<div style=\"text-align: justify;\"><\/div>\n<div style=\"text-align: justify;\">Quadros destacou que s\u00f3 20% das fam\u00edlias que t\u00eam direito j\u00e1 receberam o kit gratuito para adequar o aparelho de televis\u00e3o ao sinal digital. Ao todo, em S\u00e3o Paulo e nos munic\u00edpios do entorno, devem ser entregues 1,870 milh\u00e3o de kits. Na capital, o \u00edndice de entrega dos kits gratuitos \u00e9 ainda menor: s\u00f3 3%.<\/div>\n<div style=\"text-align: justify;\"><\/div>\n<div style=\"text-align: justify;\">T\u00eam direito aos kits benefici\u00e1rios do Bolsa Fam\u00edlia e do Cadastro \u00danico de Programas Sociais do Governo Federal (Cad\u00danico). As inscri\u00e7\u00f5es para receber os kits de gra\u00e7a podem ser feitas pelo telefone 147 ou pelo site <strong><a href=\"http:\/\/www.vocenatvdigital.com.br\/\" target=\"_blank\" rel=\"noopener noreferrer\">www.vocenatvdigital.com.br<\/a><\/strong>.<\/div>\n<div style=\"text-align: justify;\"><\/div>\n<div style=\"text-align: justify;\">Migra\u00e7\u00e3o das AMs<\/div>\n<div style=\"text-align: justify;\"><\/div>\n<div>\n<div style=\"text-align: justify;\">O desligamento da TV anal\u00f3gica em S\u00e3o Paulo vai impactar diretamente na migra\u00e7\u00e3o das r\u00e1dios AM para o espectro FM na capital paulista e regi\u00e3o metropolitana. Vale ressaltar que as r\u00e1dios ir\u00e3o ocupar as frequ\u00eancias que correspondem aos canais 5 e 6 da TV anal\u00f3gica. Isso significa que as frequ\u00eancias de 77 FM a 87 FM estar\u00e3o livres para a migra\u00e7\u00e3o.<\/div>\n<div style=\"text-align: justify;\"><\/div>\n<div style=\"text-align: justify;\">Fonte: Tudo R\u00e1dio.<\/div>\n<\/div>\n","protected":false},"excerpt":{"rendered":"<p>O presidente da Ag\u00eancia Nacional de Telecomunica\u00e7\u00f5es (Anatel), Juarez Quadros,&hellip;<\/p>\n<p> <a class=\"more-link\" href=\"https:\/\/sertsc.org.br\/site\/anatel-confirma-desligamento-da-tv-analogica-em-sao-paulo-para-marco\/\">Leia mais<\/a><\/p>\n","protected":false},"author":1,"featured_media":0,"comment_status":"closed","ping_status":"open","sticky":false,"template":"","format":"standard","meta":{"footnotes":""},"categories":[1],"tags":[],"class_list":{"0":"post-3610","1":"post","2":"type-post","3":"status-publish","4":"format-standard","6":"category-geral"},"_links":{"self":[{"href":"https:\/\/sertsc.org.br\/site\/wp-json\/wp\/v2\/posts\/3610","targetHints":{"allow":["GET"]}}],"collection":[{"href":"https:\/\/sertsc.org.br\/site\/wp-json\/wp\/v2\/posts"}],"about":[{"href":"https:\/\/sertsc.org.br\/site\/wp-json\/wp\/v2\/types\/post"}],"author":[{"embeddable":true,"href":"https:\/\/sertsc.org.br\/site\/wp-json\/wp\/v2\/users\/1"}],"replies":[{"embeddable":true,"href":"https:\/\/sertsc.org.br\/site\/wp-json\/wp\/v2\/comments?post=3610"}],"version-history":[{"count":0,"href":"https:\/\/sertsc.org.br\/site\/wp-json\/wp\/v2\/posts\/3610\/revisions"}],"wp:attachment":[{"href":"https:\/\/sertsc.org.br\/site\/wp-json\/wp\/v2\/media?parent=3610"}],"wp:term":[{"taxonomy":"category","embeddable":true,"href":"https:\/\/sertsc.org.br\/site\/wp-json\/wp\/v2\/categories?post=3610"},{"taxonomy":"post_tag","embeddable":true,"href":"https:\/\/sertsc.org.br\/site\/wp-json\/wp\/v2\/tags?post=3610"}],"curies":[{"name":"wp","href":"https:\/\/api.w.org\/{rel}","templated":true}]}}