{"id":3596,"date":"2017-01-31T14:09:27","date_gmt":"2017-01-31T16:09:27","guid":{"rendered":"http:\/\/www.sertsc.org.br\/site\/?p=3596"},"modified":"2017-01-31T14:09:27","modified_gmt":"2017-01-31T16:09:27","slug":"projeto-obriga-emissoras-a-veicular-campanhas-sobre-epidemias","status":"publish","type":"post","link":"https:\/\/sertsc.org.br\/site\/projeto-obriga-emissoras-a-veicular-campanhas-sobre-epidemias\/","title":{"rendered":"Projeto obriga emissoras a veicular campanhas sobre epidemias"},"content":{"rendered":"<div id=\"conteudoNoticia\">\n<p style=\"text-align: justify;\">Emissoras de r\u00e1dio e TV de todo o Pa\u00eds poder\u00e3o ser obrigadas a veicular campanhas para informar \u00e0 popula\u00e7\u00e3o sobre epidemias &#8211; aumento do n\u00famero de casos de uma doen\u00e7a durante um per\u00edodo em uma regi\u00e3o. A medida est\u00e1 sendo analisada pela C\u00e2mara dos Deputados na forma do Projeto de Lei 4952\/16, do deputado Aureo (SD-RJ).<\/p>\n<p>O projeto, que muda o C\u00f3digo Brasileiro de Telecomunica\u00e7\u00f5es (Lei <a href=\"http:\/\/www2.camara.leg.br\/legin\/fed\/lei\/1960-1969\/lei-4117-27-agosto-1962-353835-norma-pl.html\" target=\"_blank\" rel=\"noopener noreferrer\">4.117\/62<\/a>), entretanto, prev\u00ea que os detalhes sobre a veicula\u00e7\u00e3o das campanhas ser\u00e3o definidos em regulamento do Executivo. Pelo texto, apenas emissoras de radiodifus\u00e3o comunit\u00e1rias n\u00e3o ser\u00e3o obrigadas a veicular as campanhas.<\/p>\n<p>Aureo lembra que recentemente o Brasil foi tomado por tens\u00e3o com a chegada dos v\u00edrus da dengue, da zika e da febre chikungunya, cujos danos \u00e0 sa\u00fade p\u00fablica s\u00e3o ainda incalcul\u00e1veis.<\/p>\n<p>\u201cA amea\u00e7a de novas epidemias n\u00e3o deve ser uma preocupa\u00e7\u00e3o apenas das autoridades sanit\u00e1rias. A m\u00eddia, como formadora de opini\u00e3o e detentora dos meios leg\u00edtimos de divulga\u00e7\u00e3o da informa\u00e7\u00e3o, deve assumir sua fun\u00e7\u00e3o social, inclusive prevista na Constitui\u00e7\u00e3o, de trabalhar pela promo\u00e7\u00e3o da sa\u00fade, da educa\u00e7\u00e3o e outros direitos fundamentais\u201d, acrescentou.<\/p>\n<p><strong>Tramita\u00e7\u00e3o<\/strong><br \/>\nO projeto tramita em <span class=\"termoGlossario\">car\u00e1ter conclusiv<\/span>o e ser\u00e1 analisado pelas comiss\u00f5es de Seguridade Social e Fam\u00edlia; de Ci\u00eancia e Tecnologia, Comunica\u00e7\u00e3o e Inform\u00e1tica; e de Constitui\u00e7\u00e3o e Justi\u00e7a e de Cidadania.<\/p>\n<\/div>\n<div class=\"divBlocoContinuacao\">\n<div id=\"proposicao\">\n<h4 style=\"text-align: justify;\">\u00cdNTEGRA DA PROPOSTA:<\/h4>\n<ul>\n<li style=\"text-align: justify;\"><a href=\"http:\/\/www.camara.gov.br\/internet\/sileg\/Prop_Detalhe.asp?id=2081670\" target=\"_blank\" rel=\"noopener noreferrer\">PL-4952\/2016<\/a><\/li>\n<\/ul>\n<p>Fonte: C\u00e2mara Not\u00edcias.<\/p>\n<\/div>\n<\/div>\n","protected":false},"excerpt":{"rendered":"<p>Emissoras de r\u00e1dio e TV de todo o Pa\u00eds poder\u00e3o&hellip;<\/p>\n<p> <a class=\"more-link\" href=\"https:\/\/sertsc.org.br\/site\/projeto-obriga-emissoras-a-veicular-campanhas-sobre-epidemias\/\">Leia mais<\/a><\/p>\n","protected":false},"author":1,"featured_media":3599,"comment_status":"closed","ping_status":"open","sticky":false,"template":"","format":"standard","meta":{"footnotes":""},"categories":[3],"tags":[],"class_list":{"0":"post-3596","1":"post","2":"type-post","3":"status-publish","4":"format-standard","5":"has-post-thumbnail","7":"category-noticias"},"_links":{"self":[{"href":"https:\/\/sertsc.org.br\/site\/wp-json\/wp\/v2\/posts\/3596","targetHints":{"allow":["GET"]}}],"collection":[{"href":"https:\/\/sertsc.org.br\/site\/wp-json\/wp\/v2\/posts"}],"about":[{"href":"https:\/\/sertsc.org.br\/site\/wp-json\/wp\/v2\/types\/post"}],"author":[{"embeddable":true,"href":"https:\/\/sertsc.org.br\/site\/wp-json\/wp\/v2\/users\/1"}],"replies":[{"embeddable":true,"href":"https:\/\/sertsc.org.br\/site\/wp-json\/wp\/v2\/comments?post=3596"}],"version-history":[{"count":0,"href":"https:\/\/sertsc.org.br\/site\/wp-json\/wp\/v2\/posts\/3596\/revisions"}],"wp:featuredmedia":[{"embeddable":true,"href":"https:\/\/sertsc.org.br\/site\/wp-json\/"}],"wp:attachment":[{"href":"https:\/\/sertsc.org.br\/site\/wp-json\/wp\/v2\/media?parent=3596"}],"wp:term":[{"taxonomy":"category","embeddable":true,"href":"https:\/\/sertsc.org.br\/site\/wp-json\/wp\/v2\/categories?post=3596"},{"taxonomy":"post_tag","embeddable":true,"href":"https:\/\/sertsc.org.br\/site\/wp-json\/wp\/v2\/tags?post=3596"}],"curies":[{"name":"wp","href":"https:\/\/api.w.org\/{rel}","templated":true}]}}