{"id":3568,"date":"2017-01-23T14:18:10","date_gmt":"2017-01-23T16:18:10","guid":{"rendered":"http:\/\/www.sertsc.org.br\/site\/?p=3568"},"modified":"2017-01-23T14:18:10","modified_gmt":"2017-01-23T16:18:10","slug":"emissoras-de-radio-devem-entender-comportamento-do-publico-para-atuar-nas-redes-sociais","status":"publish","type":"post","link":"https:\/\/sertsc.org.br\/site\/emissoras-de-radio-devem-entender-comportamento-do-publico-para-atuar-nas-redes-sociais\/","title":{"rendered":"Emissoras de r\u00e1dio devem entender comportamento do p\u00fablico para atuar nas redes sociais"},"content":{"rendered":"<p style=\"text-align: justify;\">N\u00e3o basta estar presente nas redes sociais. \u00c9 preciso entender o comportamento do internauta, definir os p\u00fablicos-alvo e trabalhar de forma integrada com a programa\u00e7\u00e3o da emissora. Essa \u00e9 uma das principais mensagens da disciplina de M\u00eddia Social no setor de radiodifus\u00e3o, do curso in\u00e9dito de p\u00f3s-gradua\u00e7\u00e3o em Gest\u00e3o de Radiofus\u00e3o, parceria da FENAERT, Aerp, Abert e Uninter.<\/p>\n<p style=\"text-align: justify;\">&#8220;As redes sociais se atualizam muito r\u00e1pido e \u00e0s vezes as empresas acabam aderindo por simples modismo, sem uma avalia\u00e7\u00e3o de fato, e isso pode se tornar mais negativo do que n\u00e3o estar em determinada m\u00eddia social. \u00c9 importante saber o que se quer atingir&#8221;, pondera a professora Chirlei Kohls.<\/p>\n<p style=\"text-align: justify;\">\nSegundo Chirlei, para cada plataforma \u00e9 preciso um conte\u00fado espec\u00edfico para se conseguir uma comunica\u00e7\u00e3o mais efetiva. &#8220;S\u00e3o novas potencialidades que valorizam o meio r\u00e1dio&#8221;, avalia.<\/p>\n<p style=\"text-align: justify;\">\nOutro ponto fundamental para quem est\u00e1 presente nas redes sociais \u00e9 saber que, apesar do p\u00fablico definido, existem opini\u00f5es diversas que, porventura, podem acabar gerando crises. Para minimizar esses impactos, \u00e9 preciso acompanhar, planejar, monitorar e gerenciar muito bem cada plataforma. &#8220;Uma das recomenda\u00e7\u00f5es, por exemplo, \u00e9 nunca apagar os coment\u00e1rios negativos, mas responder de maneira criativa e atenciosa. \u00c9 preciso criar empatia&#8221;.<\/p>\n<p style=\"text-align: justify;\">\nA integra\u00e7\u00e3o entre as equipes de m\u00eddia social e de jornalismo \u00e9 mais um aspecto importante a observar. &#8220;\u00c9 muito f\u00e1cil se perder nesta comunica\u00e7\u00e3o e o p\u00fablico percebe esse desalinhamento&#8221;.<\/p>\n<p style=\"text-align: justify;\">\nPara Chirlei, a presen\u00e7a nas redes sociais \u00e9 um caminho sem volta \u00e0 medida que as emissoras precisam acompanhar seu p\u00fablico. &#8220;E ele est\u00e1 l\u00e1. Procura conte\u00fados de r\u00e1dios tamb\u00e9m nessas plataformas&#8221;. E cita um dos principais autores da \u00e1rea, Wilson da Costa Bueno, para definir esse trabalho: &#8220;Uma compet\u00eancia do s\u00e9culo XXI \u00e9 saber falar e saber ouvir&#8221;, diz ele. \u00c9 com essa premissa que Chirlei define essa atua\u00e7\u00e3o. &#8220;\u00c9 preciso produzir um conte\u00fado adequado com a audi\u00eancia, ouvir e construir um relacionamento mais s\u00f3lido com esse p\u00fablico&#8221;, resume.<\/p>\n<p style=\"text-align: justify;\">\nAs inscri\u00e7\u00f5es para a primeira turma de 2017 est\u00e3o abertas atrav\u00e9s do site www.uninter.com.<\/p>\n<p style=\"text-align: justify;\">Fonte: FENAERT.<\/p>\n","protected":false},"excerpt":{"rendered":"<p>N\u00e3o basta estar presente nas redes sociais. \u00c9 preciso entender&hellip;<\/p>\n<p> <a class=\"more-link\" href=\"https:\/\/sertsc.org.br\/site\/emissoras-de-radio-devem-entender-comportamento-do-publico-para-atuar-nas-redes-sociais\/\">Leia mais<\/a><\/p>\n","protected":false},"author":1,"featured_media":3569,"comment_status":"closed","ping_status":"open","sticky":false,"template":"","format":"standard","meta":{"footnotes":""},"categories":[33],"tags":[],"class_list":{"0":"post-3568","1":"post","2":"type-post","3":"status-publish","4":"format-standard","5":"has-post-thumbnail","7":"category-destaques"},"_links":{"self":[{"href":"https:\/\/sertsc.org.br\/site\/wp-json\/wp\/v2\/posts\/3568","targetHints":{"allow":["GET"]}}],"collection":[{"href":"https:\/\/sertsc.org.br\/site\/wp-json\/wp\/v2\/posts"}],"about":[{"href":"https:\/\/sertsc.org.br\/site\/wp-json\/wp\/v2\/types\/post"}],"author":[{"embeddable":true,"href":"https:\/\/sertsc.org.br\/site\/wp-json\/wp\/v2\/users\/1"}],"replies":[{"embeddable":true,"href":"https:\/\/sertsc.org.br\/site\/wp-json\/wp\/v2\/comments?post=3568"}],"version-history":[{"count":0,"href":"https:\/\/sertsc.org.br\/site\/wp-json\/wp\/v2\/posts\/3568\/revisions"}],"wp:featuredmedia":[{"embeddable":true,"href":"https:\/\/sertsc.org.br\/site\/wp-json\/"}],"wp:attachment":[{"href":"https:\/\/sertsc.org.br\/site\/wp-json\/wp\/v2\/media?parent=3568"}],"wp:term":[{"taxonomy":"category","embeddable":true,"href":"https:\/\/sertsc.org.br\/site\/wp-json\/wp\/v2\/categories?post=3568"},{"taxonomy":"post_tag","embeddable":true,"href":"https:\/\/sertsc.org.br\/site\/wp-json\/wp\/v2\/tags?post=3568"}],"curies":[{"name":"wp","href":"https:\/\/api.w.org\/{rel}","templated":true}]}}