{"id":3564,"date":"2017-01-20T15:24:08","date_gmt":"2017-01-20T17:24:08","guid":{"rendered":"http:\/\/www.sertsc.org.br\/site\/?p=3564"},"modified":"2017-01-20T15:24:08","modified_gmt":"2017-01-20T17:24:08","slug":"unesco-dia-mundial-do-radio-sera-em-13-de-fevereiro-com-o-slogan-o-radio-e-voce","status":"publish","type":"post","link":"https:\/\/sertsc.org.br\/site\/unesco-dia-mundial-do-radio-sera-em-13-de-fevereiro-com-o-slogan-o-radio-e-voce\/","title":{"rendered":"Unesco: Dia Mundial do R\u00e1dio ser\u00e1 em 13 de fevereiro com o slogan \u201cO R\u00e1dio \u00e9 Voc\u00ea!\u201d"},"content":{"rendered":"<p style=\"text-align: justify;\">A Unesco est\u00e1 convocando as emissoras do mundo inteiro para participar do Dia Mundial do R\u00e1dio no pr\u00f3ximo dia 13 de fevereiro.<\/p>\n<p style=\"text-align: justify;\">O prop\u00f3sito da campanha \u00e9 celebrar o r\u00e1dio como meio, estimular a coopera\u00e7\u00e3o internacional entre radiodifusores, e encorajar as emissoras a promover o acesso \u00e0 informa\u00e7\u00e3o, a liberdade de express\u00e3o e a igualdade de g\u00eaneros.<\/p>\n<p style=\"text-align: justify;\">O slogan da campanha \u00e9 \u201cO R\u00e1dio \u00e9 Voc\u00ea!\u201d. No <a href=\"http:\/\/www.diamundialradio.org\/\" target=\"_blank\" rel=\"noopener noreferrer\">site<\/a> do Dia Mundial do R\u00e1dio h\u00e1 mais informa\u00e7\u00f5es, incluindo orienta\u00e7\u00f5es sobre as formas de participa\u00e7\u00e3o e materiais da campanha.<\/p>\n<p style=\"text-align: justify;\">Fonte: Unesco<\/p>\n","protected":false},"excerpt":{"rendered":"<p>A Unesco est\u00e1 convocando as emissoras do mundo inteiro para&hellip;<\/p>\n<p> <a class=\"more-link\" href=\"https:\/\/sertsc.org.br\/site\/unesco-dia-mundial-do-radio-sera-em-13-de-fevereiro-com-o-slogan-o-radio-e-voce\/\">Leia mais<\/a><\/p>\n","protected":false},"author":1,"featured_media":3565,"comment_status":"closed","ping_status":"open","sticky":false,"template":"","format":"standard","meta":{"footnotes":""},"categories":[3],"tags":[],"class_list":{"0":"post-3564","1":"post","2":"type-post","3":"status-publish","4":"format-standard","5":"has-post-thumbnail","7":"category-noticias"},"_links":{"self":[{"href":"https:\/\/sertsc.org.br\/site\/wp-json\/wp\/v2\/posts\/3564","targetHints":{"allow":["GET"]}}],"collection":[{"href":"https:\/\/sertsc.org.br\/site\/wp-json\/wp\/v2\/posts"}],"about":[{"href":"https:\/\/sertsc.org.br\/site\/wp-json\/wp\/v2\/types\/post"}],"author":[{"embeddable":true,"href":"https:\/\/sertsc.org.br\/site\/wp-json\/wp\/v2\/users\/1"}],"replies":[{"embeddable":true,"href":"https:\/\/sertsc.org.br\/site\/wp-json\/wp\/v2\/comments?post=3564"}],"version-history":[{"count":0,"href":"https:\/\/sertsc.org.br\/site\/wp-json\/wp\/v2\/posts\/3564\/revisions"}],"wp:featuredmedia":[{"embeddable":true,"href":"https:\/\/sertsc.org.br\/site\/wp-json\/"}],"wp:attachment":[{"href":"https:\/\/sertsc.org.br\/site\/wp-json\/wp\/v2\/media?parent=3564"}],"wp:term":[{"taxonomy":"category","embeddable":true,"href":"https:\/\/sertsc.org.br\/site\/wp-json\/wp\/v2\/categories?post=3564"},{"taxonomy":"post_tag","embeddable":true,"href":"https:\/\/sertsc.org.br\/site\/wp-json\/wp\/v2\/tags?post=3564"}],"curies":[{"name":"wp","href":"https:\/\/api.w.org\/{rel}","templated":true}]}}