{"id":3562,"date":"2017-01-20T10:57:31","date_gmt":"2017-01-20T12:57:31","guid":{"rendered":"http:\/\/www.sertsc.org.br\/site\/?p=3562"},"modified":"2017-01-20T10:57:31","modified_gmt":"2017-01-20T12:57:31","slug":"kassab-passa-ao-gired-analise-sobre-adiamento-em-sao-paulo-e-a-tendencia-e-que-a-data-permaneca","status":"publish","type":"post","link":"https:\/\/sertsc.org.br\/site\/kassab-passa-ao-gired-analise-sobre-adiamento-em-sao-paulo-e-a-tendencia-e-que-a-data-permaneca\/","title":{"rendered":"Kassab passa ao Gired an\u00e1lise sobre adiamento em S\u00e3o Paulo, e a tend\u00eancia \u00e9 que a data permane\u00e7a"},"content":{"rendered":"<p style=\"text-align: justify;\">O ministro Gilberto Kassab (Ci\u00eancia, Tecnologia, Inova\u00e7\u00f5es e Comunica\u00e7\u00f5es) remeteu ao Gired (grupo gestor da TV digital) o pedido da EAD para que fosse realizada uma mudan\u00e7a no cronograma de desligamento da TV anal\u00f3gica, adiando do dia 29 de mar\u00e7o para 30 de agosto o desligamento na cidade de S\u00e3o Paulo e de 26 de julho de 2017 para 26 de julho de 2018 o desligamento em Recife, Salvador, Fortaleza, Juazeiro\/BA e Sobral\/CE. Na pr\u00e1tica, a decis\u00e3o do ministro de ouvir o Gired significa que o minist\u00e9rio, a quem cabe mudar o cronograma, apenas agir\u00e1 se o Gired indicar que existe um fator t\u00e9cnico que justifique. O Gired se reunir\u00e1 no dia 31 de janeiro para discutir o tema, mas a tend\u00eancia \u00e9 que o cronograma n\u00e3o seja mexido.<\/p>\n<p style=\"text-align: justify;\">O principal elemento a ser analisado, segundo fontes da Anatel, \u00e9 a pesquisa de domic\u00edlios aptos na cidade de S\u00e3o Paulo. A expectativa da ag\u00eancia \u00e9 que se o percentual j\u00e1 estiver elevado (acima de 80%) e as proje\u00e7\u00f5es indicarem que at\u00e9 o final de mar\u00e7o ser\u00e1 poss\u00edvel chegar a 90%, mesmo que a totalidade dos kits s\u00f3 esteja dispon\u00edvel para distribui\u00e7\u00e3o nos \u00faltimos 30 dias, n\u00e3o haver\u00e1 nenhuma raz\u00e3o para adiar. A expectativa da ag\u00eancia \u00e9 que a situa\u00e7\u00e3o em S\u00e3o Paulo em termos de domic\u00edlios aptos seja melhor do que no resto do Brasil, primeiro por ser a cidade que tem sinais digitais dispon\u00edveis h\u00e1 mais tempo (quase 10 anos),\u00a0 penetra\u00e7\u00e3o de TV paga elevada e maior poder aquisitivo.<\/p>\n<p style=\"text-align: justify;\">A decis\u00e3o de Kassab de remeter a quest\u00e3o do adiamento ao Gired decorre da discord\u00e2ncia dos radiodifusores. A Abert manifestou formalmente ao ministro uma posi\u00e7\u00e3o de n\u00e3o endossar o adiamento em S\u00e3o Paulo para o final de agosto e recife para o ano que vem. A entidade, contudo, deixa uma porta aberta para discutir uma data alternativa. Mas a maior oposi\u00e7\u00e3o \u00e9 da Abratel (Record), que j\u00e1 se manifestou ser totalmente contr\u00e1ria a qualquer adiamento. A emissora alega j\u00e1 estar pronta para desligar o sinal anal\u00f3gico, alega custos de manuten\u00e7\u00e3o de dois transmissores e, tamb\u00e9m, conta que com a digitaliza\u00e7\u00e3o teria melhores condi\u00e7\u00f5es de discutir as bases comerciais para a autoriza\u00e7\u00e3o de distribui\u00e7\u00e3o de seus sinais pelas empresas de TV por assinatura que operam na cidade. (Atualiza\u00e7\u00e3o realizada \u00e0s 23h10: Este notici\u00e1rio apurou ainda que um dos fatores que fizeram a Abert n\u00e3o mais apoiar o adiamento do cronograma de S\u00e3o Paulo \u2013 que at\u00e9 ent\u00e3o estava relativamente pacificado junto \u00e0 Globo, sua maior associada \u2013 foi terem tido a informa\u00e7\u00e3o de que as teles estariam, com isso, buscando argumentos para adiar o aporte de recursos na EAD).<\/p>\n<p style=\"text-align: justify;\">As teles alegam, para pedir o adiamento, que o atraso na defini\u00e7\u00e3o das configura\u00e7\u00f5es da caixa que \u00e9 distribu\u00edda nos kits comprometeu a log\u00edstica e os prazos de entrega, e o tempo de distribui\u00e7\u00e3o seria muito curto, com riscos de que nem todos os benefici\u00e1rios do Bolsa Fam\u00edlia e inscritos no Cadastro \u00danico recebam os kits a tempo.<\/p>\n<p style=\"text-align: justify;\">Fonte: Tela Viva.<\/p>\n","protected":false},"excerpt":{"rendered":"<p>O ministro Gilberto Kassab (Ci\u00eancia, Tecnologia, Inova\u00e7\u00f5es e Comunica\u00e7\u00f5es) remeteu&hellip;<\/p>\n<p> <a class=\"more-link\" href=\"https:\/\/sertsc.org.br\/site\/kassab-passa-ao-gired-analise-sobre-adiamento-em-sao-paulo-e-a-tendencia-e-que-a-data-permaneca\/\">Leia mais<\/a><\/p>\n","protected":false},"author":1,"featured_media":3405,"comment_status":"closed","ping_status":"open","sticky":false,"template":"","format":"standard","meta":{"footnotes":""},"categories":[3],"tags":[],"class_list":{"0":"post-3562","1":"post","2":"type-post","3":"status-publish","4":"format-standard","5":"has-post-thumbnail","7":"category-noticias"},"_links":{"self":[{"href":"https:\/\/sertsc.org.br\/site\/wp-json\/wp\/v2\/posts\/3562","targetHints":{"allow":["GET"]}}],"collection":[{"href":"https:\/\/sertsc.org.br\/site\/wp-json\/wp\/v2\/posts"}],"about":[{"href":"https:\/\/sertsc.org.br\/site\/wp-json\/wp\/v2\/types\/post"}],"author":[{"embeddable":true,"href":"https:\/\/sertsc.org.br\/site\/wp-json\/wp\/v2\/users\/1"}],"replies":[{"embeddable":true,"href":"https:\/\/sertsc.org.br\/site\/wp-json\/wp\/v2\/comments?post=3562"}],"version-history":[{"count":0,"href":"https:\/\/sertsc.org.br\/site\/wp-json\/wp\/v2\/posts\/3562\/revisions"}],"wp:featuredmedia":[{"embeddable":true,"href":"https:\/\/sertsc.org.br\/site\/wp-json\/"}],"wp:attachment":[{"href":"https:\/\/sertsc.org.br\/site\/wp-json\/wp\/v2\/media?parent=3562"}],"wp:term":[{"taxonomy":"category","embeddable":true,"href":"https:\/\/sertsc.org.br\/site\/wp-json\/wp\/v2\/categories?post=3562"},{"taxonomy":"post_tag","embeddable":true,"href":"https:\/\/sertsc.org.br\/site\/wp-json\/wp\/v2\/tags?post=3562"}],"curies":[{"name":"wp","href":"https:\/\/api.w.org\/{rel}","templated":true}]}}