{"id":3558,"date":"2017-01-19T15:10:00","date_gmt":"2017-01-19T17:10:00","guid":{"rendered":"http:\/\/www.sertsc.org.br\/site\/?p=3558"},"modified":"2017-01-19T15:10:00","modified_gmt":"2017-01-19T17:10:00","slug":"abert-defende-aperfeicoamento-do-processo-digital-no-brasil","status":"publish","type":"post","link":"https:\/\/sertsc.org.br\/site\/abert-defende-aperfeicoamento-do-processo-digital-no-brasil\/","title":{"rendered":"ABERT defende aperfei\u00e7oamento do processo digital no Brasil"},"content":{"rendered":"<div class=\"itemIntroText\">\n<p style=\"text-align: justify;\">Em of\u00edcio encaminhado ao ministro da Ci\u00eancia, Tecnologia, Inova\u00e7\u00f5es e Comunica\u00e7\u00f5es, Gilberto Kassab, nesta quarta-feira (18), a ABERT prop\u00f4s sugest\u00f5es para aperfei\u00e7oar o processo de digitaliza\u00e7\u00e3o da TV no Brasil.<\/p>\n<\/div>\n<div class=\"itemFullText\">\n<p style=\"text-align: justify;\">No documento, a ABERT discorda da proposta da EAD (Empresa Administradora da Digitaliza\u00e7\u00e3o), protocolada em dezembro de 2016, de adiar para 30 de agosto a data do desligamento do sinal anal\u00f3gico de TV em S\u00e3o Paulo, inicialmente prevista para 29 de mar\u00e7o. Para os radiodifusores, o desligamento de S\u00e3o Paulo deve ser priorit\u00e1rio.<\/p>\n<p style=\"text-align: justify;\">Outra solicita\u00e7\u00e3o formulada pela ABERT \u00e9 a manuten\u00e7\u00e3o da data de desligamento no Recife (PE) e em outros 13 munic\u00edpios pernambucanos (Abreu e Lima, Ara\u00e7oiaba, Cabo de Santo Agostinho, Camaragibe, Igarassu, Ilha de Itamarac\u00e1, Ipojuca, Itapissuma, Jaboat\u00e3o do Guararapes, Moreno, Olinda, Paulista e S\u00e3o Louren\u00e7o da Mata), previsto para 26 de julho de 2017.<\/p>\n<p style=\"text-align: justify;\">Para o diretor geral da ABERT, Luis Roberto Antonik, a data prevista para o fim das transmiss\u00f5es anal\u00f3gicas na maior capital do pa\u00eds certamente ser\u00e1 reavaliada pelo MCTIC. \u201cTemos plena consci\u00eancia que o adiamento acontecer\u00e1 devido a atrasos no planejamento e entrega dos kits conversores. N\u00e3o concordamos com o dia 30 de agosto. \u00c9 preciso rever o prazo proposto pela EAD. O cluster de S\u00e3o Paulo \u00e9 muito importante e precisa ser priorizado\u201d, disse.<\/p>\n<p style=\"text-align: justify;\">De acordo com o of\u00edcio, a ABERT ainda sugere que o processo de desligamento seja aprimorado, formulando uma s\u00e9rie de sugest\u00f5es, com destaque para tr\u00eas: ado\u00e7\u00e3o de crit\u00e9rio \u00fanico de pesquisa, ado\u00e7\u00e3o de m\u00e9tricas para a EAD (indicadores operacionais), al\u00e9m da previs\u00e3o de que projetos de comunica\u00e7\u00e3o e eventos propostos pelas associa\u00e7\u00f5es de radiodifus\u00e3o nacionais e estaduais possam ser custeados pela EAD, como, por exemplo, os feir\u00f5es e patrulhas digitais.<\/p>\n<p style=\"text-align: justify;\">\u201cO Feir\u00e3o e a Patrulha Digital foram a\u00e7\u00f5es bem sucedidas em Rio Verde (GO), Bras\u00edlia e no entorno do DF, atingindo um p\u00fablico diversificado, como crian\u00e7as e jovens\u201d, afirma Antonik.<\/p>\n<p style=\"text-align: justify;\">De acordo com portaria do MCTIC, 93% dos domic\u00edlios de S\u00e3o Paulo e mais 39 cidades da regi\u00e3o metropolitana t\u00eam que estar aptos a receber o sinal digital terrestre de TV aberta para que as transmiss\u00f5es anal\u00f3gicas sejam totalmente desligadas.<\/p>\n<p style=\"text-align: justify;\">No dia 31 de janeiro, o GTCOM (Grupo T\u00e9cnico de Comunica\u00e7\u00e3o) apresentar\u00e1 a primeira pesquisa para identificar os domic\u00edlios que est\u00e3o preparados para o novo sinal na capital paulista.<\/p>\n<p style=\"text-align: justify;\"><strong>Entrega de kits conversores<\/strong><\/p>\n<p style=\"text-align: justify;\">Para os radiodifusores, o maior desafio \u00e9 a entrega dos kits gratuitos com conversores digitais e antenas, que, na Regi\u00e3o Metropolitana de S\u00e3o Paulo, alcan\u00e7a 1,8 milh\u00e3o de domic\u00edlios benefici\u00e1rios dos programas sociais do governo federal, como Luz para Todos, Minha Casa Minha Vida e Bolsa Fam\u00edlia.<\/p>\n<p style=\"text-align: justify;\">A EAD considera curto o prazo para distribui\u00e7\u00e3o dos kits. No entorno de S\u00e3o Paulo, mais de 700 mil kits devem ser distribu\u00eddos. At\u00e9 agora foram entregues 34%, ou cerca de 240 mil. J\u00e1 na capital paulista, est\u00e1 prevista a distribui\u00e7\u00e3o de 1,1 milh\u00e3o de kits, mas, pela falta dos equipamentos, o processo de retirada ainda n\u00e3o foi iniciado.<\/p>\n<p style=\"text-align: justify;\">Para agendar a retirada do kit, \u00e9 preciso acessar o site <strong><a href=\"http:\/\/www.sejadigital.com.br\/\">www.sejadigital.com.br<\/a><\/strong> ou ligar para o 147. A liga\u00e7\u00e3o \u00e9 gratuita.<\/p>\n<p style=\"text-align: justify;\">Fonte: ABERT<\/p>\n<\/div>\n","protected":false},"excerpt":{"rendered":"<p>Em of\u00edcio encaminhado ao ministro da Ci\u00eancia, Tecnologia, Inova\u00e7\u00f5es e&hellip;<\/p>\n<p> <a class=\"more-link\" href=\"https:\/\/sertsc.org.br\/site\/abert-defende-aperfeicoamento-do-processo-digital-no-brasil\/\">Leia mais<\/a><\/p>\n","protected":false},"author":1,"featured_media":3559,"comment_status":"closed","ping_status":"open","sticky":false,"template":"","format":"standard","meta":{"footnotes":""},"categories":[3],"tags":[],"class_list":{"0":"post-3558","1":"post","2":"type-post","3":"status-publish","4":"format-standard","5":"has-post-thumbnail","7":"category-noticias"},"_links":{"self":[{"href":"https:\/\/sertsc.org.br\/site\/wp-json\/wp\/v2\/posts\/3558","targetHints":{"allow":["GET"]}}],"collection":[{"href":"https:\/\/sertsc.org.br\/site\/wp-json\/wp\/v2\/posts"}],"about":[{"href":"https:\/\/sertsc.org.br\/site\/wp-json\/wp\/v2\/types\/post"}],"author":[{"embeddable":true,"href":"https:\/\/sertsc.org.br\/site\/wp-json\/wp\/v2\/users\/1"}],"replies":[{"embeddable":true,"href":"https:\/\/sertsc.org.br\/site\/wp-json\/wp\/v2\/comments?post=3558"}],"version-history":[{"count":0,"href":"https:\/\/sertsc.org.br\/site\/wp-json\/wp\/v2\/posts\/3558\/revisions"}],"wp:featuredmedia":[{"embeddable":true,"href":"https:\/\/sertsc.org.br\/site\/wp-json\/"}],"wp:attachment":[{"href":"https:\/\/sertsc.org.br\/site\/wp-json\/wp\/v2\/media?parent=3558"}],"wp:term":[{"taxonomy":"category","embeddable":true,"href":"https:\/\/sertsc.org.br\/site\/wp-json\/wp\/v2\/categories?post=3558"},{"taxonomy":"post_tag","embeddable":true,"href":"https:\/\/sertsc.org.br\/site\/wp-json\/wp\/v2\/tags?post=3558"}],"curies":[{"name":"wp","href":"https:\/\/api.w.org\/{rel}","templated":true}]}}