{"id":3110,"date":"2016-11-10T14:00:14","date_gmt":"2016-11-10T16:00:14","guid":{"rendered":"http:\/\/www.sertsc.org.br\/site\/?p=3110"},"modified":"2016-11-10T14:00:14","modified_gmt":"2016-11-10T16:00:14","slug":"presidente-da-anatel-juarez-quadros-comandara-o-gired","status":"publish","type":"post","link":"https:\/\/sertsc.org.br\/site\/presidente-da-anatel-juarez-quadros-comandara-o-gired\/","title":{"rendered":"Presidente da Anatel, Juarez Quadros, comandar\u00e1 o Gired"},"content":{"rendered":"<p style=\"text-align: justify;\">O presidente da Anatel, Juarez Quadros, tamb\u00e9m estar\u00e1 a frente da\u00a0coordena\u00e7\u00e3o do Grupo de Implanta\u00e7\u00e3o da TV Digital (Gired), respons\u00e1vel pelo processo de transi\u00e7\u00e3o da TV anal\u00f3gica para a digital e a libera\u00e7\u00e3o da faixa de 700 MHz para a banda larga m\u00f3vel. Quadros assume o lugar do ex-conselheiro Rodrigo Zerbone, que deixou a ag\u00eancia na semana passada ao fim de seu mandato. Zerbone concedeu uma entrevista \u00e0 Abratel sobre sua atua\u00e7\u00e3o na Anatel e no Gired (<a href=\"http:\/\/www.abratel.org.br\/noticia\/entrevista-rodrigo-zerbone-anatel\/\" target=\"_blank\" rel=\"noopener noreferrer\">clique aqui<\/a>). Tamb\u00e9m assumir\u00e1 o superintendente de recursos \u00e0 presta\u00e7\u00e3o, V\u00edtor Elisio\u00a0Menezes, no lugar do superintendente de regulamenta\u00e7\u00e3o, Jos\u00e9 Bicalho.<\/p>\n<p style=\"text-align: justify;\">A Abratel tem sugerido revis\u00e3o da metodologia de pesquisa do desligamento do sinal anal\u00f3gico, para que\u00a0haja apenas um n\u00famero convergente para decidir o desligamento nas demais cidades, e n\u00e3o 3 n\u00fameros como ocorreu no desligamento em Bras\u00edlia. A Associa\u00e7\u00e3o acredita que dessa forma e com essas altera\u00e7\u00f5es, a pesquisa se tornaria mais qualitativa e o GIRED\u00a0mais apto a tomar decis\u00f5es.<\/p>\n<p style=\"text-align: justify;\">Assessoria de Comunica\u00e7\u00e3o da Abratel<\/p>\n","protected":false},"excerpt":{"rendered":"<p>O presidente da Anatel, Juarez Quadros, tamb\u00e9m estar\u00e1 a frente&hellip;<\/p>\n<p> <a class=\"more-link\" href=\"https:\/\/sertsc.org.br\/site\/presidente-da-anatel-juarez-quadros-comandara-o-gired\/\">Leia mais<\/a><\/p>\n","protected":false},"author":1,"featured_media":3111,"comment_status":"closed","ping_status":"open","sticky":false,"template":"","format":"standard","meta":{"footnotes":""},"categories":[3],"tags":[],"class_list":{"0":"post-3110","1":"post","2":"type-post","3":"status-publish","4":"format-standard","5":"has-post-thumbnail","7":"category-noticias"},"_links":{"self":[{"href":"https:\/\/sertsc.org.br\/site\/wp-json\/wp\/v2\/posts\/3110","targetHints":{"allow":["GET"]}}],"collection":[{"href":"https:\/\/sertsc.org.br\/site\/wp-json\/wp\/v2\/posts"}],"about":[{"href":"https:\/\/sertsc.org.br\/site\/wp-json\/wp\/v2\/types\/post"}],"author":[{"embeddable":true,"href":"https:\/\/sertsc.org.br\/site\/wp-json\/wp\/v2\/users\/1"}],"replies":[{"embeddable":true,"href":"https:\/\/sertsc.org.br\/site\/wp-json\/wp\/v2\/comments?post=3110"}],"version-history":[{"count":0,"href":"https:\/\/sertsc.org.br\/site\/wp-json\/wp\/v2\/posts\/3110\/revisions"}],"wp:featuredmedia":[{"embeddable":true,"href":"https:\/\/sertsc.org.br\/site\/wp-json\/"}],"wp:attachment":[{"href":"https:\/\/sertsc.org.br\/site\/wp-json\/wp\/v2\/media?parent=3110"}],"wp:term":[{"taxonomy":"category","embeddable":true,"href":"https:\/\/sertsc.org.br\/site\/wp-json\/wp\/v2\/categories?post=3110"},{"taxonomy":"post_tag","embeddable":true,"href":"https:\/\/sertsc.org.br\/site\/wp-json\/wp\/v2\/tags?post=3110"}],"curies":[{"name":"wp","href":"https:\/\/api.w.org\/{rel}","templated":true}]}}