{"id":3077,"date":"2016-11-09T09:00:41","date_gmt":"2016-11-09T11:00:41","guid":{"rendered":"http:\/\/www.sertsc.org.br\/site\/?p=3077"},"modified":"2016-11-09T09:00:41","modified_gmt":"2016-11-09T11:00:41","slug":"governo-renovara-beneficios-da-lei-do-audiovisual","status":"publish","type":"post","link":"https:\/\/sertsc.org.br\/site\/governo-renovara-beneficios-da-lei-do-audiovisual\/","title":{"rendered":"Governo renovar\u00e1 benef\u00edcios da Lei do Audiovisual"},"content":{"rendered":"<p style=\"text-align: justify;\">O presidente Michel Temer anunciou, durante a cerim\u00f4nia de entrega da Ordem do M\u00e9rito Cultural 2016 nesta segunda, 7, que o Governo renovar\u00e1 os benef\u00edcios da Lei do Audiovisual por mais cinco anos. Com isso, os incentivos fiscais passam a valer at\u00e9 2022. Al\u00e9m disso, Temer anunciou o aumento do or\u00e7amento do Minist\u00e9rio da Cultura no ano que vem.<\/p>\n<p style=\"text-align: justify;\">&#8220;Eu gostaria de anunciar que, a pedido do Minist\u00e9rio da Cultura, mais uma vez, iremos renovar por mais cinco anos, at\u00e9 2022, os benef\u00edcios da Lei do Audiovisual, garantindo que nossa produ\u00e7\u00e3o siga seu caminho de sucesso&#8221;, disse o presidente.<\/p>\n<p style=\"text-align: justify;\">Sobre o aumento do or\u00e7amento do Minist\u00e9rio da Cultura para 2017, Temer prometeu que ser\u00e1 de mais de 40%, e creditou a boa not\u00edcia \u00e0 for\u00e7a do ministro da Cultura, Marcelo Calero. Segundo presidente, o ministro foi a todos os setores do governo &#8220;e obteve exatamente essas verbas extraordin\u00e1rias, num momento de arrocho, num momento de aperto&#8221;.<\/p>\n<p style=\"text-align: justify;\">Fonte: Tela.Viva<\/p>\n","protected":false},"excerpt":{"rendered":"<p>O presidente Michel Temer anunciou, durante a cerim\u00f4nia de entrega&hellip;<\/p>\n<p> <a class=\"more-link\" href=\"https:\/\/sertsc.org.br\/site\/governo-renovara-beneficios-da-lei-do-audiovisual\/\">Leia mais<\/a><\/p>\n","protected":false},"author":1,"featured_media":3078,"comment_status":"closed","ping_status":"open","sticky":false,"template":"","format":"standard","meta":{"footnotes":""},"categories":[3],"tags":[],"class_list":{"0":"post-3077","1":"post","2":"type-post","3":"status-publish","4":"format-standard","5":"has-post-thumbnail","7":"category-noticias"},"_links":{"self":[{"href":"https:\/\/sertsc.org.br\/site\/wp-json\/wp\/v2\/posts\/3077","targetHints":{"allow":["GET"]}}],"collection":[{"href":"https:\/\/sertsc.org.br\/site\/wp-json\/wp\/v2\/posts"}],"about":[{"href":"https:\/\/sertsc.org.br\/site\/wp-json\/wp\/v2\/types\/post"}],"author":[{"embeddable":true,"href":"https:\/\/sertsc.org.br\/site\/wp-json\/wp\/v2\/users\/1"}],"replies":[{"embeddable":true,"href":"https:\/\/sertsc.org.br\/site\/wp-json\/wp\/v2\/comments?post=3077"}],"version-history":[{"count":0,"href":"https:\/\/sertsc.org.br\/site\/wp-json\/wp\/v2\/posts\/3077\/revisions"}],"wp:featuredmedia":[{"embeddable":true,"href":"https:\/\/sertsc.org.br\/site\/wp-json\/"}],"wp:attachment":[{"href":"https:\/\/sertsc.org.br\/site\/wp-json\/wp\/v2\/media?parent=3077"}],"wp:term":[{"taxonomy":"category","embeddable":true,"href":"https:\/\/sertsc.org.br\/site\/wp-json\/wp\/v2\/categories?post=3077"},{"taxonomy":"post_tag","embeddable":true,"href":"https:\/\/sertsc.org.br\/site\/wp-json\/wp\/v2\/tags?post=3077"}],"curies":[{"name":"wp","href":"https:\/\/api.w.org\/{rel}","templated":true}]}}