{"id":3071,"date":"2016-11-09T08:43:48","date_gmt":"2016-11-09T10:43:48","guid":{"rendered":"http:\/\/www.sertsc.org.br\/site\/?p=3071"},"modified":"2016-11-09T08:43:48","modified_gmt":"2016-11-09T10:43:48","slug":"para-radiodifusores-migracao-do-am-para-fm-significa-crescimento-e-modernizacao","status":"publish","type":"post","link":"https:\/\/sertsc.org.br\/site\/para-radiodifusores-migracao-do-am-para-fm-significa-crescimento-e-modernizacao\/","title":{"rendered":"Para radiodifusores, migra\u00e7\u00e3o do AM para FM significa crescimento e moderniza\u00e7\u00e3o"},"content":{"rendered":"<p style=\"text-align: justify;\">Mudan\u00e7a exige novos equipamentos e profissionais qualificados, e garante a continuidade da programa\u00e7\u00e3o, que poder\u00e1 ser sintonizada tamb\u00e9m em celulares e tablets. Novos pedidos de migra\u00e7\u00e3o ser\u00e3o analisados.<\/p>\n<figure id=\"attachment_3072\" aria-describedby=\"caption-attachment-3072\" style=\"width: 295px\" class=\"wp-caption aligncenter\"><a href=\"http:\/\/www.sertsc.org.br\/site\/wp-content\/uploads\/2016\/11\/07.11-Para-radiodifusores-migra\u00e7\u00e3o-para-FM-significa-moderniza\u00e7\u00e3o-das-emissoras.jpg\"><img fetchpriority=\"high\" decoding=\"async\" class=\"wp-image-3072 \" src=\"http:\/\/www.sertsc.org.br\/site\/wp-content\/uploads\/2016\/11\/07.11-Para-radiodifusores-migra\u00e7\u00e3o-para-FM-significa-moderniza\u00e7\u00e3o-das-emissoras-300x200.jpg\" alt=\"07-11-para-radiodifusores-migracao-para-fm-significa-modernizacao-das-emissoras\" width=\"295\" height=\"196\" \/><\/a><figcaption id=\"caption-attachment-3072\" class=\"wp-caption-text\">Em Bras\u00edlia, radiodifusores assinam termo de migra\u00e7\u00e3o das emissoras AM para FM. Cr\u00e9dito: Ascom\/MCTIC<\/figcaption><\/figure>\n<p style=\"text-align: justify;\">A migra\u00e7\u00e3o das emissoras AM para a frequ\u00eancia FM significa crescimento, modernidade e competitividade. A avalia\u00e7\u00e3o \u00e9 dos radiodifusores, que estiveram em Bras\u00edlia nesta segunda-feira (7) para a assinatura dos termos de adapta\u00e7\u00e3o das outorgas. Mais de 240 r\u00e1dios de todo o pa\u00eds ser\u00e3o beneficiadas pela migra\u00e7\u00e3o, formalizada em cerim\u00f4nia com o presidente Michel Temer e o ministro da Ci\u00eancia, Tecnologia, Inova\u00e7\u00f5es e Comunica\u00e7\u00f5es, Gilberto Kassab, no Pal\u00e1cio do Planalto.<\/p>\n<p style=\"text-align: justify;\">A mudan\u00e7a de frequ\u00eancia permite \u00e0s emissoras chegar com mais qualidade \u00e0 casa dos espectadores e a sintonia em aparelhos m\u00f3veis, como celulares e tablets. &#8220;A partir da entrada no ar na faixa FM, a gente tem o projeto de passar a transmitir 24 horas, o que n\u00e3o \u00e9 feito hoje. Com a migra\u00e7\u00e3o, a gente tamb\u00e9m vai precisar de funcion\u00e1rios em per\u00edodo integral&#8221;, afirma Rafael Zaiat, da R\u00e1dio Clube de Guaxup\u00e9 (MG).<\/p>\n<p style=\"text-align: justify;\">J\u00e1 Milton Marques de Medeiros, da R\u00e1dio Princesa do Vale, em A\u00e7u (RN), diz que a mudan\u00e7a \u00e9 uma oportunidade de transmitir not\u00edcias, entretenimento e debates a um p\u00fablico mais amplo. &#8220;A migra\u00e7\u00e3o significa modernidade, crescimento e a atualiza\u00e7\u00e3o, e servir \u00e0 cidade com mais op\u00e7\u00f5es. O modelo FM traz novos programas, novos formatos de apresenta\u00e7\u00e3o. \u00c9 uma maneira de levar crescimento \u00e0 regi\u00e3o e a todos n\u00f3s&#8221;, relata.<\/p>\n<p style=\"text-align: justify;\">A migra\u00e7\u00e3o tamb\u00e9m ajuda a manter o trabalho de emissoras com mais de meio s\u00e9culo de atividade, como a R\u00e1dio Maristela, de Torres (RS), que funciona desde 1957. O diretor-presidente da esta\u00e7\u00e3o, dom Jaime Pedro Kohl, descreve os benef\u00edcios da nova frequ\u00eancia. &#8220;A mudan\u00e7a vem para qualificar a comunica\u00e7\u00e3o, levar qualidade \u00e0 r\u00e1dio das pessoas. Outro aspecto para n\u00f3s \u00e9 o aumento de abrang\u00eancia. A migra\u00e7\u00e3o tamb\u00e9m pode gerar novos empregos, j\u00e1 que h\u00e1 equipamentos novos, uma realidade nova, uma formata\u00e7\u00e3o nova que a r\u00e1dio vai ter que dar para si mesma&#8221;, ressalta.<\/p>\n<p style=\"text-align: justify;\">Com o crescimento urbano, o sinal da r\u00e1dio AM sofre com diversas interfer\u00eancias, o que provocou perda de audi\u00eancia e de faturamento para as emissoras que operam nesta frequ\u00eancia. &#8220;Dentro da cidade a prolifera\u00e7\u00e3o de ru\u00eddos \u00e9 muito forte. Antigamente, uma casa tinha 10 aparelhos eletrodom\u00e9sticos, hoje tem 30. Tamb\u00e9m causa ru\u00eddos o sistema de fia\u00e7\u00e3o das companhias el\u00e9tricas e de telefonia&#8221;, explica Oscar Luiz Piconez, da R\u00e1dio Luz, de Ara\u00e7atuba (SP).<\/p>\n<p style=\"text-align: justify;\"><strong>Pr\u00f3ximos passos<\/strong><\/p>\n<p style=\"text-align: justify;\">Com a assinatura dos termos aditivos, as emissoras devem apresentar ao MCTIC o projeto t\u00e9cnico de instala\u00e7\u00e3o e solicitar \u00e0 Ag\u00eancia Nacional de Telecomunica\u00e7\u00f5es (Anatel) a autoriza\u00e7\u00e3o para uso de radiofrequ\u00eancia. Com a libera\u00e7\u00e3o, os ve\u00edculos j\u00e1 podem come\u00e7ar a transmitir na nova faixa. O MCTIC continuar\u00e1 a an\u00e1lise dos pedidos de migra\u00e7\u00e3o restantes e outras emissoras ser\u00e3o chamadas para assinar os termos aditivos conforme os processos forem conclu\u00eddos.<\/p>\n<p style=\"text-align: justify;\">Fonte: MCTIC<\/p>\n","protected":false},"excerpt":{"rendered":"<p>Mudan\u00e7a exige novos equipamentos e profissionais qualificados, e garante a&hellip;<\/p>\n<p> <a class=\"more-link\" href=\"https:\/\/sertsc.org.br\/site\/para-radiodifusores-migracao-do-am-para-fm-significa-crescimento-e-modernizacao\/\">Leia mais<\/a><\/p>\n","protected":false},"author":1,"featured_media":3072,"comment_status":"closed","ping_status":"open","sticky":false,"template":"","format":"standard","meta":{"footnotes":""},"categories":[3],"tags":[],"class_list":{"0":"post-3071","1":"post","2":"type-post","3":"status-publish","4":"format-standard","5":"has-post-thumbnail","7":"category-noticias"},"_links":{"self":[{"href":"https:\/\/sertsc.org.br\/site\/wp-json\/wp\/v2\/posts\/3071","targetHints":{"allow":["GET"]}}],"collection":[{"href":"https:\/\/sertsc.org.br\/site\/wp-json\/wp\/v2\/posts"}],"about":[{"href":"https:\/\/sertsc.org.br\/site\/wp-json\/wp\/v2\/types\/post"}],"author":[{"embeddable":true,"href":"https:\/\/sertsc.org.br\/site\/wp-json\/wp\/v2\/users\/1"}],"replies":[{"embeddable":true,"href":"https:\/\/sertsc.org.br\/site\/wp-json\/wp\/v2\/comments?post=3071"}],"version-history":[{"count":0,"href":"https:\/\/sertsc.org.br\/site\/wp-json\/wp\/v2\/posts\/3071\/revisions"}],"wp:featuredmedia":[{"embeddable":true,"href":"https:\/\/sertsc.org.br\/site\/wp-json\/"}],"wp:attachment":[{"href":"https:\/\/sertsc.org.br\/site\/wp-json\/wp\/v2\/media?parent=3071"}],"wp:term":[{"taxonomy":"category","embeddable":true,"href":"https:\/\/sertsc.org.br\/site\/wp-json\/wp\/v2\/categories?post=3071"},{"taxonomy":"post_tag","embeddable":true,"href":"https:\/\/sertsc.org.br\/site\/wp-json\/wp\/v2\/tags?post=3071"}],"curies":[{"name":"wp","href":"https:\/\/api.w.org\/{rel}","templated":true}]}}