{"id":3032,"date":"2016-11-04T15:22:59","date_gmt":"2016-11-04T17:22:59","guid":{"rendered":"http:\/\/www.sertsc.org.br\/site\/?p=3032"},"modified":"2016-11-04T15:22:59","modified_gmt":"2016-11-04T17:22:59","slug":"beneficiarios-de-programas-sociais-devem-retirar-kit-digital","status":"publish","type":"post","link":"https:\/\/sertsc.org.br\/site\/beneficiarios-de-programas-sociais-devem-retirar-kit-digital\/","title":{"rendered":"Benefici\u00e1rios de programas sociais devem retirar kit digital"},"content":{"rendered":"<div class=\"itemIntroText\">\n<p style=\"text-align: justify;\">A menos de 15 dias do desligamento definitivo do sinal anal\u00f3gico em Bras\u00edlia e no entorno do DF, previsto para 17 de novembro, cerca de 90 mil kits de conversores digitais ainda devem ser entregues aos benefici\u00e1rios dos programas sociais do governo federal. Desde 26 de outubro, data do in\u00edcio do desligamento, as 25 geradoras e retransmissoras do DF podem desligar o sinal a qualquer momento.<\/p>\n<\/div>\n<div class=\"itemFullText\">\n<p style=\"text-align: justify;\">As fam\u00edlias de baixa renda devem retirar o kit, composto por conversor, antena e cabos, o quanto antes. Basta apresentar o n\u00famero do Cadastro \u00danico para Programas Sociais (Cad\u00danico). A instala\u00e7\u00e3o \u00e9 gratuita, e pode ser feita por t\u00e9cnicos que v\u00e3o \u00e0s resid\u00eancias em hor\u00e1rio agendado.<\/p>\n<p style=\"text-align: justify;\">Os aparelhos est\u00e3o sendo distribu\u00eddos em 20 pontos do DF e das cidades do entorno.<\/p>\n<p style=\"text-align: justify;\">Para os aparelhos de TV mais modernos, comprados a partir de 2010 e que j\u00e1 est\u00e3o adaptados \u00e0 tecnologia digital , \u00e9 preciso instalar apenas a antena UHF.<\/p>\n<p style=\"text-align: justify;\">Informa\u00e7\u00f5es e agendamento da retirada do kit podem ser obtidos pelo n\u00famero 147 ou no site <a href=\"http:\/\/www.sejadigital.com.br\/\">www.sejadigital.com.br<\/a><\/p>\n<p style=\"text-align: justify;\">De acordo com portaria que instituiu a implanta\u00e7\u00e3o do sinal digital no pa\u00eds, para que o sinal anal\u00f3gico seja desligado, pelo menos 93% dos domic\u00edlios devem estar aptos a receber o novo sinal. Uma nova pesquisa ser\u00e1 feita antes da pr\u00f3xima reuni\u00e3o do Gired, marcada para 16 de novembro.<\/p>\n<p style=\"text-align: justify;\"><strong>Feir\u00e3o Digital<\/strong><\/p>\n<p style=\"text-align: justify;\">No pr\u00f3ximo fim de semana (5 e 6), ser\u00e1 realizado o Feir\u00e3o Digital, no Senai de Taguatinga (DF), a partir das 9h. Durante dois dias, a equipe da Patrulha Digital estar\u00e1 no local auxiliando a popula\u00e7\u00e3o com informa\u00e7\u00f5es sobre a chegada do sinal digital.<\/p>\n<p style=\"text-align: justify;\">Os benefici\u00e1rios dos programas sociais do governo federal poder\u00e3o retirar seu kit conversor com a equipe da Seja Digital.<\/p>\n<p style=\"text-align: justify;\">Confira abaixo os programas sociais contemplados:<\/p>\n<p style=\"text-align: justify;\"><strong>Bolsa Fam\u00edlia;<\/strong><br \/>\n<strong>Minha Casa, Minha Vida;<\/strong><br \/>\n<strong>Bolsa Verde \u2013 Programa de Apoio \u00e0 Conserva\u00e7\u00e3o Ambiental;<\/strong><br \/>\n<strong>Programa de Erradica\u00e7\u00e3o do Trabalho Infantil \u2013 PETI;<\/strong><br \/>\n<strong>Fomento \u2013 Programa de Fomento \u00e0s Atividades Produtivas Rurais<\/strong><br \/>\n<strong>Carteira do Idoso;<\/strong><br \/>\n<strong>Aposentadoria para pessoa de baixa renda;<\/strong><br \/>\n<strong>Programa Brasil Carinhoso;<\/strong><br \/>\n<strong>Programa de Cisternas;<\/strong><br \/>\n<strong>Telefone Popular;<\/strong><br \/>\n<strong>Carta Social;<\/strong><br \/>\n<strong>Pro Jovem Adolescente;<\/strong><br \/>\n<strong>Tarifa Social de Energia El\u00e9trica;<\/strong><br \/>\n<strong>Passe Livre para pessoas com defici\u00eancia e<\/strong><br \/>\n<strong>Isen\u00e7\u00e3o de Taxas em Concursos P\u00fablicos.<\/strong><\/p>\n<p style=\"text-align: justify;\">Quem estiver fora dos programas do governo poder\u00e1 aproveitar as ofertas de kits conversores e televisores que ser\u00e3o realizadas no local.<\/p>\n<p style=\"text-align: justify;\">O evento tamb\u00e9m ter\u00e1 um espa\u00e7o destinado \u00e0 recrea\u00e7\u00e3o das crian\u00e7as.<\/p>\n<p style=\"text-align: justify;\">O Feir\u00e3o Digital tem o apoio da Patrulha Digital, Rede Globo, Senai, SBT e Band.<\/p>\n<p style=\"text-align: justify;\">Fonte: ABERT.<\/p>\n<\/div>\n","protected":false},"excerpt":{"rendered":"<p>A menos de 15 dias do desligamento definitivo do sinal&hellip;<\/p>\n<p> <a class=\"more-link\" href=\"https:\/\/sertsc.org.br\/site\/beneficiarios-de-programas-sociais-devem-retirar-kit-digital\/\">Leia mais<\/a><\/p>\n","protected":false},"author":1,"featured_media":2772,"comment_status":"closed","ping_status":"open","sticky":false,"template":"","format":"standard","meta":{"footnotes":""},"categories":[3],"tags":[],"class_list":{"0":"post-3032","1":"post","2":"type-post","3":"status-publish","4":"format-standard","5":"has-post-thumbnail","7":"category-noticias"},"_links":{"self":[{"href":"https:\/\/sertsc.org.br\/site\/wp-json\/wp\/v2\/posts\/3032","targetHints":{"allow":["GET"]}}],"collection":[{"href":"https:\/\/sertsc.org.br\/site\/wp-json\/wp\/v2\/posts"}],"about":[{"href":"https:\/\/sertsc.org.br\/site\/wp-json\/wp\/v2\/types\/post"}],"author":[{"embeddable":true,"href":"https:\/\/sertsc.org.br\/site\/wp-json\/wp\/v2\/users\/1"}],"replies":[{"embeddable":true,"href":"https:\/\/sertsc.org.br\/site\/wp-json\/wp\/v2\/comments?post=3032"}],"version-history":[{"count":0,"href":"https:\/\/sertsc.org.br\/site\/wp-json\/wp\/v2\/posts\/3032\/revisions"}],"wp:featuredmedia":[{"embeddable":true,"href":"https:\/\/sertsc.org.br\/site\/wp-json\/"}],"wp:attachment":[{"href":"https:\/\/sertsc.org.br\/site\/wp-json\/wp\/v2\/media?parent=3032"}],"wp:term":[{"taxonomy":"category","embeddable":true,"href":"https:\/\/sertsc.org.br\/site\/wp-json\/wp\/v2\/categories?post=3032"},{"taxonomy":"post_tag","embeddable":true,"href":"https:\/\/sertsc.org.br\/site\/wp-json\/wp\/v2\/tags?post=3032"}],"curies":[{"name":"wp","href":"https:\/\/api.w.org\/{rel}","templated":true}]}}