{"id":3027,"date":"2016-11-04T14:19:17","date_gmt":"2016-11-04T16:19:17","guid":{"rendered":"http:\/\/www.sertsc.org.br\/site\/?p=3027"},"modified":"2016-11-04T14:19:17","modified_gmt":"2016-11-04T16:19:17","slug":"pos-graduacao-para-radiodifusores-tem-novos-modulos","status":"publish","type":"post","link":"https:\/\/sertsc.org.br\/site\/pos-graduacao-para-radiodifusores-tem-novos-modulos\/","title":{"rendered":"P\u00f3s-gradua\u00e7\u00e3o para radiodifusores tem novos m\u00f3dulos"},"content":{"rendered":"<div class=\"itemIntroText\">\n<p style=\"text-align: justify;\">A p\u00f3s-gradua\u00e7\u00e3o a dist\u00e2ncia de Gest\u00e3o em Radiodifus\u00e3o inicia na segunda-feira (7) dois novos m\u00f3dulos: M\u00eddia Social no Setor de Radiodifus\u00e3o e Planejamento de Marketing e Gest\u00e3o de Marcas. O curso \u00e9 mais uma ferramenta para capacitar e qualificar o profissional do r\u00e1dio.<\/p>\n<\/div>\n<div class=\"itemFullText\">\n<p style=\"text-align: justify;\">No m\u00f3dulo \u201cM\u00eddia Social no Setor de Radiodifus\u00e3o\u201d, a professora Chirlei Kohls abordar\u00e1 assuntos como introdu\u00e7\u00e3o \u00e0s redes sociais; avalia\u00e7\u00e3o de marca e posicionamento na rede; p\u00fablico alvo nas redes sociais e produ\u00e7\u00e3o de conte\u00fado; redes sociais em dispositivos m\u00f3veis; benchmarking nas m\u00eddias sociais; marketing viral, m\u00e9tricas, monitoramento e ferramentas de gerenciamento; gest\u00e3o de crise online; \u00e9tica nas redes sociais; e-mail marketing e newsletter.<\/p>\n<p style=\"text-align: justify;\">J\u00e1 no m\u00f3dulo \u201cPlanejamento de Marketing e Gest\u00e3o de Marcas\u201d, a professora Adriane Werner discutir\u00e1 os seguintes temas: evolu\u00e7\u00e3o do pensamento em marketing; plano de marketing; os 4 P&#8217;s; posicionamento da marca-estrat\u00e9gias; gest\u00e3o de linhas e categorias de produtos e planejamento de branding em empresas de radiodifus\u00e3o.<\/p>\n<p style=\"text-align: justify;\">O curso teve in\u00edcio em 26 de setembro com a primeira aula na sede da Uninter, em Curitiba (PR). Ant\u00f4nio Rosa Neto, empres\u00e1rio em m\u00eddia e comunica\u00e7\u00e3o destacou a nova era do r\u00e1dio, a flexibilidade e a capacidade de o ve\u00edculo acompanhar a vida moderna e se potencializar com as outras m\u00eddias.<\/p>\n<p style=\"text-align: justify;\">Tamb\u00e9m j\u00e1 foram ministradas as disciplinas de \u201cCen\u00e1rio comercial e pr\u00e1ticas do mercado de radiodifus\u00e3o\u201d e \u201cA\u00e7\u00f5es e eventos promocionais no setor de radiodifus\u00e3o\u201d.<\/p>\n<p style=\"text-align: justify;\">Realizado pelo Centro Universit\u00e1rio Internacional Uninter, em parceria com a ABERT, a Federa\u00e7\u00e3o Nacional das Empresas de R\u00e1dio e Televis\u00e3o (Fenaert) e a Associa\u00e7\u00e3o das Emissoras de Radiodifus\u00e3o do Paran\u00e1 (Aerp), o curso tem como expectativa atingir um p\u00fablico de mais de 10 mil funcion\u00e1rios de r\u00e1dio, al\u00e9m de atrair novos talentos para a \u00e1rea.<\/p>\n<p style=\"text-align: justify;\">A especializa\u00e7\u00e3o tem dura\u00e7\u00e3o de nove meses, com mais tr\u00eas meses para a elabora\u00e7\u00e3o do Trabalho de Conclus\u00e3o de Curso (TCC). As emissoras de r\u00e1dio interessadas podem adotar o sistema de permuta com a veicula\u00e7\u00e3o de m\u00eddias publicit\u00e1rias.<\/p>\n<p style=\"text-align: justify;\">Com o curso, quem j\u00e1 possui gradua\u00e7\u00e3o receber\u00e1 o t\u00edtulo de especialista. Para profissionais n\u00e3o graduados, o curso \u00e9 equivalente a uma extens\u00e3o e, neste caso, o aluno pode cursar apenas os m\u00f3dulos que lhe interessarem. As disciplinas da p\u00f3s-gradua\u00e7\u00e3o tamb\u00e9m s\u00e3o oferecidas de forma isolada, como cursos de curta dura\u00e7\u00e3o, permitindo que at\u00e9 mesmo os interessados que n\u00e3o t\u00eam gradua\u00e7\u00e3o, possam ter acesso a um conte\u00fado essencial para a carreira.<\/p>\n<p>As inscri\u00e7\u00f5es para os pr\u00f3ximos m\u00f3dulos j\u00e1 est\u00e3o abertas e podem ser feitas pelo site\u00a0<a href=\"http:\/\/www.uninter.com\/radiosparceiras\" target=\"_blank\" rel=\"noopener noreferrer\"><strong>www.uninter.com\/radiosparceiras<\/strong><\/a><\/p>\n<p>&nbsp;<\/p>\n<\/div>\n","protected":false},"excerpt":{"rendered":"<p>A p\u00f3s-gradua\u00e7\u00e3o a dist\u00e2ncia de Gest\u00e3o em Radiodifus\u00e3o inicia na&hellip;<\/p>\n<p> <a class=\"more-link\" href=\"https:\/\/sertsc.org.br\/site\/pos-graduacao-para-radiodifusores-tem-novos-modulos\/\">Leia mais<\/a><\/p>\n","protected":false},"author":1,"featured_media":3028,"comment_status":"closed","ping_status":"open","sticky":false,"template":"","format":"standard","meta":{"footnotes":""},"categories":[3],"tags":[],"class_list":{"0":"post-3027","1":"post","2":"type-post","3":"status-publish","4":"format-standard","5":"has-post-thumbnail","7":"category-noticias"},"_links":{"self":[{"href":"https:\/\/sertsc.org.br\/site\/wp-json\/wp\/v2\/posts\/3027","targetHints":{"allow":["GET"]}}],"collection":[{"href":"https:\/\/sertsc.org.br\/site\/wp-json\/wp\/v2\/posts"}],"about":[{"href":"https:\/\/sertsc.org.br\/site\/wp-json\/wp\/v2\/types\/post"}],"author":[{"embeddable":true,"href":"https:\/\/sertsc.org.br\/site\/wp-json\/wp\/v2\/users\/1"}],"replies":[{"embeddable":true,"href":"https:\/\/sertsc.org.br\/site\/wp-json\/wp\/v2\/comments?post=3027"}],"version-history":[{"count":0,"href":"https:\/\/sertsc.org.br\/site\/wp-json\/wp\/v2\/posts\/3027\/revisions"}],"wp:featuredmedia":[{"embeddable":true,"href":"https:\/\/sertsc.org.br\/site\/wp-json\/"}],"wp:attachment":[{"href":"https:\/\/sertsc.org.br\/site\/wp-json\/wp\/v2\/media?parent=3027"}],"wp:term":[{"taxonomy":"category","embeddable":true,"href":"https:\/\/sertsc.org.br\/site\/wp-json\/wp\/v2\/categories?post=3027"},{"taxonomy":"post_tag","embeddable":true,"href":"https:\/\/sertsc.org.br\/site\/wp-json\/wp\/v2\/tags?post=3027"}],"curies":[{"name":"wp","href":"https:\/\/api.w.org\/{rel}","templated":true}]}}