{"id":3024,"date":"2016-11-04T10:39:38","date_gmt":"2016-11-04T12:39:38","guid":{"rendered":"http:\/\/www.sertsc.org.br\/site\/?p=3024"},"modified":"2016-11-04T10:39:38","modified_gmt":"2016-11-04T12:39:38","slug":"radiodifusores-comemoram-migracao-para-o-fm-e-miram-novos-anunciantes","status":"publish","type":"post","link":"https:\/\/sertsc.org.br\/site\/radiodifusores-comemoram-migracao-para-o-fm-e-miram-novos-anunciantes\/","title":{"rendered":"Radiodifusores comemoram migra\u00e7\u00e3o para o FM e miram novos anunciantes"},"content":{"rendered":"<div class=\"itemIntroText\">\n<p style=\"text-align: justify;\">Entusiasmo, al\u00edvio e expectativa de um futuro mais pr\u00f3spero s\u00e3o alguns dos sentimentos vividos pelos radiodifusores que assinar\u00e3o o termo de migra\u00e7\u00e3o das emissoras de r\u00e1dio AM para o FM.<\/p>\n<\/div>\n<div class=\"itemFullText\">\n<p style=\"text-align: justify;\">Na pr\u00f3xima segunda-feira (7), data em que se comemora o Dia do Radialista, mais de 200 r\u00e1dios participar\u00e3o, em Bras\u00edlia, da assinatura do contrato para o funcionamento da nova outorga.<\/p>\n<p style=\"text-align: justify;\">\u201cEsperamos muito por esse momento. Estamos preparados, ansiosos e felizes por participar dessa importante etapa do r\u00e1dio no Brasil. Na minha vis\u00e3o, a migra\u00e7\u00e3o n\u00e3o deixar\u00e1 o r\u00e1dio morrer\u201d, afirma S\u00e9rgio Marques Cordeiro, da R\u00e1dio Sociedade, de Ponte Nova (MG).<\/p>\n<p style=\"text-align: justify;\">O radiodifusor ressalta ainda que ao funcionar em FM, a r\u00e1dio ter\u00e1 oportunidade de buscar novas verbas publicit\u00e1rias. \u201cEm cidades menores, \u00e9 dif\u00edcil conseguir publicidade para emissoras que operam em AM, j\u00e1 que as empresas buscam anunciar os produtos em r\u00e1dios FM que t\u00eam um alcance maior e melhor qualidade de som\u201d, destaca Cordeiro.<\/p>\n<p style=\"text-align: justify;\">Augusto Junior da R\u00e1dio Jornal de Sergipe, de Aracaju, tamb\u00e9m ressaltou a quest\u00e3o econ\u00f4mica para comemorar a migra\u00e7\u00e3o para o FM. \u201cQuando efetivamente estivemos funcionando em FM, nossa qualidade de \u00e1udio vai melhorar muito e, com isso, atingiremos muito mais ouvintes. Isso vai refletir no nosso departamento comercial, pois acredito que teremos mais anunciantes para a nossa emissora\u201d, comemora o radiodifusor.<\/p>\n<p style=\"text-align: justify;\">Para Rog\u00e9rio Ingr\u00e1cia, da R\u00e1dio Vale do Rio Ti\u00eate, de Jos\u00e9 Bonif\u00e1cio (SP), al\u00e9m da quest\u00e3o econ\u00f4mica com a entrada de novas verbas publicit\u00e1rias, operar em FM levar\u00e1 a emissora \u00e0s novas plataformas. \u201cOperando em FM, por exemplo, estaremos inseridos nos aparelhos celulares que t\u00eam receptores de r\u00e1dio FM\u201d, disse.<\/p>\n<p style=\"text-align: justify;\">J\u00e1 a representante da R\u00e1dio Arapoti, no Paran\u00e1, Cleide da Silva, acredita que a emissora conseguir\u00e1 atingir um novo p\u00fablico. \u201cOs jovens est\u00e3o acostumados a ouvir emissoras de r\u00e1dio em FM. Ser\u00e1 mais uma camada da popula\u00e7\u00e3o que iremos chegar\u201d.<\/p>\n<p style=\"text-align: justify;\">A cerim\u00f4nia de assinatura da migra\u00e7\u00e3o das emissoras AM para o FM ser\u00e1 na segunda-feira (7), no Pal\u00e1cio do Planalto, \u00e0s 10 horas, e contar\u00e1 com a presen\u00e7a do presidente Michel Temer e do ministro das Comunica\u00e7\u00f5es, Gilberto Kassab.<\/p>\n<p style=\"text-align: justify;\">Fonte: ABERT.<\/p>\n<\/div>\n","protected":false},"excerpt":{"rendered":"<p>Entusiasmo, al\u00edvio e expectativa de um futuro mais pr\u00f3spero s\u00e3o&hellip;<\/p>\n<p> <a class=\"more-link\" href=\"https:\/\/sertsc.org.br\/site\/radiodifusores-comemoram-migracao-para-o-fm-e-miram-novos-anunciantes\/\">Leia mais<\/a><\/p>\n","protected":false},"author":1,"featured_media":2981,"comment_status":"closed","ping_status":"open","sticky":false,"template":"","format":"standard","meta":{"footnotes":""},"categories":[3],"tags":[],"class_list":{"0":"post-3024","1":"post","2":"type-post","3":"status-publish","4":"format-standard","5":"has-post-thumbnail","7":"category-noticias"},"_links":{"self":[{"href":"https:\/\/sertsc.org.br\/site\/wp-json\/wp\/v2\/posts\/3024","targetHints":{"allow":["GET"]}}],"collection":[{"href":"https:\/\/sertsc.org.br\/site\/wp-json\/wp\/v2\/posts"}],"about":[{"href":"https:\/\/sertsc.org.br\/site\/wp-json\/wp\/v2\/types\/post"}],"author":[{"embeddable":true,"href":"https:\/\/sertsc.org.br\/site\/wp-json\/wp\/v2\/users\/1"}],"replies":[{"embeddable":true,"href":"https:\/\/sertsc.org.br\/site\/wp-json\/wp\/v2\/comments?post=3024"}],"version-history":[{"count":0,"href":"https:\/\/sertsc.org.br\/site\/wp-json\/wp\/v2\/posts\/3024\/revisions"}],"wp:featuredmedia":[{"embeddable":true,"href":"https:\/\/sertsc.org.br\/site\/wp-json\/"}],"wp:attachment":[{"href":"https:\/\/sertsc.org.br\/site\/wp-json\/wp\/v2\/media?parent=3024"}],"wp:term":[{"taxonomy":"category","embeddable":true,"href":"https:\/\/sertsc.org.br\/site\/wp-json\/wp\/v2\/categories?post=3024"},{"taxonomy":"post_tag","embeddable":true,"href":"https:\/\/sertsc.org.br\/site\/wp-json\/wp\/v2\/tags?post=3024"}],"curies":[{"name":"wp","href":"https:\/\/api.w.org\/{rel}","templated":true}]}}