{"id":3021,"date":"2016-11-04T10:04:13","date_gmt":"2016-11-04T12:04:13","guid":{"rendered":"http:\/\/www.sertsc.org.br\/site\/?p=3021"},"modified":"2016-11-04T10:04:13","modified_gmt":"2016-11-04T12:04:13","slug":"anatel-debate-revisao-de-faixas-de-frequencia","status":"publish","type":"post","link":"https:\/\/sertsc.org.br\/site\/anatel-debate-revisao-de-faixas-de-frequencia\/","title":{"rendered":"Anatel debate revis\u00e3o de faixas de frequ\u00eancia"},"content":{"rendered":"<p style=\"text-align: justify;\">A Anatel realizou na ter\u00e7a-feira (1\u00ba) uma audi\u00eancia p\u00fablica para debater a poss\u00edvel revis\u00e3o das faixas de frequ\u00eancias destinadas ao servi\u00e7o de radiodifus\u00e3o. A proposta busca solucionar problemas de interfer\u00eancia de reportagens externas e liberar espectro para o servi\u00e7o m\u00f3vel, por causa do aumento da demanda. O foco s\u00e3o 20 faixas de frequ\u00eancia, sendo a principal a faixa 2300 \u2013 2500 MHz (MegaHertz), utilizada pelas emissoras de televis\u00e3o para transmiss\u00f5es ao vivo e para migra\u00e7\u00e3o dos est\u00fadios para as ruas.<\/p>\n<p style=\"text-align: justify;\">A Anatel quer transferir para a televis\u00e3o as faixas de 2025 MHz a 2110 MHz, \u00a02200 a 2290 MHz e 3300 a 3400 MHz. O engenheiro da TV Globo, Francisco Peres, que representou a ABERT no debate, afirmou que, com o crescimento da demanda e principalmente com as transmiss\u00f5es em alta defini\u00e7\u00e3o, \u00e9 necess\u00e1rio que as televis\u00f5es tenham mais espa\u00e7o dentro do espectro. Ele defende, al\u00e9m das faixas ofertadas, a manuten\u00e7\u00e3o da faixa atual, de 2300-2400 MHz.<\/p>\n<p style=\"text-align: justify;\">A audi\u00eancia faz parte da Consulta P\u00fablica n\u00ba 24\/2016. Os interessados podem enviar contribui\u00e7\u00f5es e sugest\u00f5es sobre o assunto at\u00e9 4 de dezembro pelo site da Anatel.<\/p>\n<p style=\"text-align: justify;\">Fonte: ABERT<\/p>\n","protected":false},"excerpt":{"rendered":"<p>A Anatel realizou na ter\u00e7a-feira (1\u00ba) uma audi\u00eancia p\u00fablica para&hellip;<\/p>\n<p> <a class=\"more-link\" href=\"https:\/\/sertsc.org.br\/site\/anatel-debate-revisao-de-faixas-de-frequencia\/\">Leia mais<\/a><\/p>\n","protected":false},"author":1,"featured_media":2552,"comment_status":"closed","ping_status":"open","sticky":false,"template":"","format":"standard","meta":{"footnotes":""},"categories":[3],"tags":[],"class_list":{"0":"post-3021","1":"post","2":"type-post","3":"status-publish","4":"format-standard","5":"has-post-thumbnail","7":"category-noticias"},"_links":{"self":[{"href":"https:\/\/sertsc.org.br\/site\/wp-json\/wp\/v2\/posts\/3021","targetHints":{"allow":["GET"]}}],"collection":[{"href":"https:\/\/sertsc.org.br\/site\/wp-json\/wp\/v2\/posts"}],"about":[{"href":"https:\/\/sertsc.org.br\/site\/wp-json\/wp\/v2\/types\/post"}],"author":[{"embeddable":true,"href":"https:\/\/sertsc.org.br\/site\/wp-json\/wp\/v2\/users\/1"}],"replies":[{"embeddable":true,"href":"https:\/\/sertsc.org.br\/site\/wp-json\/wp\/v2\/comments?post=3021"}],"version-history":[{"count":0,"href":"https:\/\/sertsc.org.br\/site\/wp-json\/wp\/v2\/posts\/3021\/revisions"}],"wp:featuredmedia":[{"embeddable":true,"href":"https:\/\/sertsc.org.br\/site\/wp-json\/"}],"wp:attachment":[{"href":"https:\/\/sertsc.org.br\/site\/wp-json\/wp\/v2\/media?parent=3021"}],"wp:term":[{"taxonomy":"category","embeddable":true,"href":"https:\/\/sertsc.org.br\/site\/wp-json\/wp\/v2\/categories?post=3021"},{"taxonomy":"post_tag","embeddable":true,"href":"https:\/\/sertsc.org.br\/site\/wp-json\/wp\/v2\/tags?post=3021"}],"curies":[{"name":"wp","href":"https:\/\/api.w.org\/{rel}","templated":true}]}}