{"id":3009,"date":"2016-11-03T15:41:56","date_gmt":"2016-11-03T17:41:56","guid":{"rendered":"http:\/\/www.sertsc.org.br\/site\/?p=3009"},"modified":"2016-11-03T15:41:56","modified_gmt":"2016-11-03T17:41:56","slug":"sertsc-participa-do-15o-seminario-da-qualidade-da-radiodifusao","status":"publish","type":"post","link":"https:\/\/sertsc.org.br\/site\/sertsc-participa-do-15o-seminario-da-qualidade-da-radiodifusao\/","title":{"rendered":"SERT\/SC participa do 15\u00ba Semin\u00e1rio da Qualidade da Radiodifus\u00e3o"},"content":{"rendered":"<p style=\"text-align: justify;\">Come\u00e7a hoje,\u00a004, em Porto Alegre o <strong>15\u00ba Semin\u00e1rio da Qualidade da Radiodifus\u00e3o<\/strong>, promovido pelo <strong>SindiR\u00e1dio &#8211;\u00a0 Sindicato das Empresas de R\u00e1dio e Televis\u00e3o no Estado do Rio Grande do Sul<\/strong>.<\/p>\n<p style=\"text-align: justify;\">A Abertura do evento come\u00e7ar\u00e1 as 21:15h, com o Presidente do SindiR\u00e1dio Ary F.C. dos Santos, no Hotel Deville. Em seguida, as 21:30h ser\u00e1 dada in\u00edcio a \u201cPalestra Ministro do Trabalho\u201d, ministrada pelo Exmo\u00a0Sr. Ronaldo Nogueira.<\/p>\n<p style=\"text-align: justify;\">Por fim, as 22h ser\u00e1 o jantar de encerramento da primeira noite do Semin\u00e1rio.<\/p>\n<p style=\"text-align: justify;\">No s\u00e1bado, 05, o evento iniciar\u00e1 as 09:15h com a palestra \u201cNovas tend\u00eancias da Compliance para a Radiodifus\u00e3o\u201d, palestrada por Giovani Saavedra, professor da PUC- RS.<\/p>\n<p style=\"text-align: justify;\">A segunda palestra do s\u00e1bado: \u201cGerando neg\u00f3cios com r\u00e1dio nos dias de hoje\u201d, as 10:30h, ministrada por Patr\u00edcia Fragoso Lima, gerente comercial da Fan\u00e1tica FM- RJ.<\/p>\n<p style=\"text-align: justify;\">As 11:30h, ser\u00e1 realizada a \u00faltima palestra do evento, \u201cA m\u00eddia como verdadeiro espa\u00e7o filos\u00f3fico no Brasil desde junho de 2013\u201d, realizada pelo Doutor em Filosofia pela USP e pela Universidade de Paris \u2013 SP, Luiz Felipe Pond\u00e9.<\/p>\n<p style=\"text-align: justify;\">O <strong>Sindicato das Empresas de R\u00e1dio e Televis\u00e3o do Estado de Santa Catarina<\/strong> estar\u00e1 presente no evento, representado pelo Presidente, Carlos Alberto Ross e a Gerente G\u00e9deas Silva.<\/p>\n<p style=\"text-align: justify;\">Posteriormente estaremos dando maiores informa\u00e7\u00f5es a respeito do evento.<\/p>\n<p style=\"text-align: justify;\">Acompanhe tudo sobre o evento:\u00a0<a href=\"http:\/\/www.sindiradio.org.br\/\" target=\"_blank\" rel=\"noopener noreferrer\">http:\/\/www.sindiradio.org.br\/<\/a><\/p>\n<p style=\"text-align: justify;\">Fonte: SERT\/SC.\u00a0Com informa\u00e7\u00f5es: SindiR\u00e1dio<\/p>\n","protected":false},"excerpt":{"rendered":"<p>Come\u00e7a hoje,\u00a004, em Porto Alegre o 15\u00ba Semin\u00e1rio da Qualidade&hellip;<\/p>\n<p> <a class=\"more-link\" href=\"https:\/\/sertsc.org.br\/site\/sertsc-participa-do-15o-seminario-da-qualidade-da-radiodifusao\/\">Leia mais<\/a><\/p>\n","protected":false},"author":1,"featured_media":3010,"comment_status":"closed","ping_status":"open","sticky":false,"template":"","format":"standard","meta":{"footnotes":""},"categories":[33],"tags":[39],"class_list":{"0":"post-3009","1":"post","2":"type-post","3":"status-publish","4":"format-standard","5":"has-post-thumbnail","7":"category-destaques","8":"tag-radiodifusao"},"_links":{"self":[{"href":"https:\/\/sertsc.org.br\/site\/wp-json\/wp\/v2\/posts\/3009","targetHints":{"allow":["GET"]}}],"collection":[{"href":"https:\/\/sertsc.org.br\/site\/wp-json\/wp\/v2\/posts"}],"about":[{"href":"https:\/\/sertsc.org.br\/site\/wp-json\/wp\/v2\/types\/post"}],"author":[{"embeddable":true,"href":"https:\/\/sertsc.org.br\/site\/wp-json\/wp\/v2\/users\/1"}],"replies":[{"embeddable":true,"href":"https:\/\/sertsc.org.br\/site\/wp-json\/wp\/v2\/comments?post=3009"}],"version-history":[{"count":0,"href":"https:\/\/sertsc.org.br\/site\/wp-json\/wp\/v2\/posts\/3009\/revisions"}],"wp:featuredmedia":[{"embeddable":true,"href":"https:\/\/sertsc.org.br\/site\/wp-json\/"}],"wp:attachment":[{"href":"https:\/\/sertsc.org.br\/site\/wp-json\/wp\/v2\/media?parent=3009"}],"wp:term":[{"taxonomy":"category","embeddable":true,"href":"https:\/\/sertsc.org.br\/site\/wp-json\/wp\/v2\/categories?post=3009"},{"taxonomy":"post_tag","embeddable":true,"href":"https:\/\/sertsc.org.br\/site\/wp-json\/wp\/v2\/tags?post=3009"}],"curies":[{"name":"wp","href":"https:\/\/api.w.org\/{rel}","templated":true}]}}