{"id":3006,"date":"2016-11-03T14:25:54","date_gmt":"2016-11-03T16:25:54","guid":{"rendered":"http:\/\/www.sertsc.org.br\/site\/?p=3006"},"modified":"2016-11-03T14:25:54","modified_gmt":"2016-11-03T16:25:54","slug":"df-governo-distribui-90-mil-conversores-para-acelerar-desligamento-analogico","status":"publish","type":"post","link":"https:\/\/sertsc.org.br\/site\/df-governo-distribui-90-mil-conversores-para-acelerar-desligamento-analogico\/","title":{"rendered":"DF: Governo distribui 90 mil conversores para acelerar desligamento anal\u00f3gico"},"content":{"rendered":"<div>\n<p style=\"text-align: justify;\">Ap\u00f3s 10 anos da defini\u00e7\u00e3o do modelo brasileiro de TV Digital, o fim do sinal anal\u00f3gico passa a ser realidade para os brasileiros. Bras\u00edlia ser\u00e1 a primeira capital a migrar para o sinal digital, mas agora apenas no dia 11 de novembro.<\/p>\n<p>O processo ganhar\u00e1 uma &#8220;forcinha&#8221; do Governo Federal para ocorrer em Bras\u00edlia, capital nacional e primeira metr\u00f3pole que ficar\u00e1 sem o sinal. 90 mil conversores ser\u00e3o distribu\u00eddos para fam\u00edlias do Cadastro \u00danico de Assist\u00eancia Social, que comporta os benefici\u00e1rios do Bolsa Fam\u00edlia e de outros programas sociais. At\u00e9 agora cerca de 270 aparelhos foram distribu\u00eddos<\/p>\n<p>Para garantir que o sinal chegue para toda popula\u00e7\u00e3o, o Governo planejou a entrega de conversores digitais para os benefici\u00e1rios, a partir de recursos advindos do leil\u00e3o de nova faixa de transmiss\u00e3o para empresas de telecomunica\u00e7\u00f5es.<\/p>\n<p>\u201cA preocupa\u00e7\u00e3o maior do Minist\u00e9rio \u00e9 que a popula\u00e7\u00e3o n\u00e3o fiquem sem ver televis\u00e3o\u201d, afirma Willian Ivo, gestor do projeto de implanta\u00e7\u00e3o da TV digital no Brasil, do Minist\u00e9rio da Ci\u00eancia, Tecnologia, Inova\u00e7\u00f5es e Comunica\u00e7\u00f5es (MCTI). Os aparelhos est\u00e3o sendo distribu\u00eddos em 20 pontos do DF e das cidades de entorno.<\/p>\n<p style=\"text-align: justify;\">O prazo para o desligamento seria ontem, 2, mas o Grupo de Acompanhamento da TV Digital (GIRED), que \u00e9 composto pelo Governo e pelas emissoras, decidiu adiar a digitaliza\u00e7\u00e3o total por que o \u00edndice de domic\u00edlios preparados para receber o sinal ainda n\u00e3o chegou aos 90%. \u201cQuando desligar vai aumentar muito a busca. Estamos intensificando a divulga\u00e7\u00e3o para informar a popula\u00e7\u00e3o. Nosso desafio est\u00e1 sendo a comunica\u00e7\u00e3o\u201d, afirma Willian Ivo.<\/p>\n<p>Em fevereiro deste ano, Rio Verde, no interior de Goi\u00e1s, havia sido a primeira cidade brasileira a ter todos os sinais televisivos digitais. Na localidade, a migra\u00e7\u00e3o foi feita quando o sinal ainda era menor que o n\u00edvel definido pelo governo de 93% de domic\u00edlios preparados para a TV digital. Foram entregues mais de 16 mil aparelhos para fam\u00edlias pobres da cidade, estavam reservados at\u00e9 24 mil conversores.<\/p>\n<p>A regi\u00e3o metropolitana de S\u00e3o Paulo ser\u00e1 a pr\u00f3xima localidade a migrar a televis\u00e3o totalmente para o digital em mar\u00e7o de 2017. A maior cidade do pa\u00eds ter\u00e1 dispon\u00edvel cerca de 1,6 milh\u00e3o de conversores para serem distribu\u00eddos para fam\u00edlias carentes. No pr\u00f3ximo ano, as capitais Goi\u00e2nia, Salvador, Fortaleza, Belo Horizonte, Recife, Campinas, Vit\u00f3ria e Rio de Janeiro, entre outras, tamb\u00e9m desligar\u00e3o o sinal anal\u00f3gico.<\/p>\n<\/div>\n<p style=\"text-align: justify;\">Fonte: Portal Making Of<\/p>\n","protected":false},"excerpt":{"rendered":"<p>Ap\u00f3s 10 anos da defini\u00e7\u00e3o do modelo brasileiro de TV&hellip;<\/p>\n<p> <a class=\"more-link\" href=\"https:\/\/sertsc.org.br\/site\/df-governo-distribui-90-mil-conversores-para-acelerar-desligamento-analogico\/\">Leia mais<\/a><\/p>\n","protected":false},"author":1,"featured_media":2882,"comment_status":"closed","ping_status":"open","sticky":false,"template":"","format":"standard","meta":{"footnotes":""},"categories":[3],"tags":[],"class_list":{"0":"post-3006","1":"post","2":"type-post","3":"status-publish","4":"format-standard","5":"has-post-thumbnail","7":"category-noticias"},"_links":{"self":[{"href":"https:\/\/sertsc.org.br\/site\/wp-json\/wp\/v2\/posts\/3006","targetHints":{"allow":["GET"]}}],"collection":[{"href":"https:\/\/sertsc.org.br\/site\/wp-json\/wp\/v2\/posts"}],"about":[{"href":"https:\/\/sertsc.org.br\/site\/wp-json\/wp\/v2\/types\/post"}],"author":[{"embeddable":true,"href":"https:\/\/sertsc.org.br\/site\/wp-json\/wp\/v2\/users\/1"}],"replies":[{"embeddable":true,"href":"https:\/\/sertsc.org.br\/site\/wp-json\/wp\/v2\/comments?post=3006"}],"version-history":[{"count":0,"href":"https:\/\/sertsc.org.br\/site\/wp-json\/wp\/v2\/posts\/3006\/revisions"}],"wp:featuredmedia":[{"embeddable":true,"href":"https:\/\/sertsc.org.br\/site\/wp-json\/"}],"wp:attachment":[{"href":"https:\/\/sertsc.org.br\/site\/wp-json\/wp\/v2\/media?parent=3006"}],"wp:term":[{"taxonomy":"category","embeddable":true,"href":"https:\/\/sertsc.org.br\/site\/wp-json\/wp\/v2\/categories?post=3006"},{"taxonomy":"post_tag","embeddable":true,"href":"https:\/\/sertsc.org.br\/site\/wp-json\/wp\/v2\/tags?post=3006"}],"curies":[{"name":"wp","href":"https:\/\/api.w.org\/{rel}","templated":true}]}}