{"id":2920,"date":"2016-10-25T15:44:33","date_gmt":"2016-10-25T17:44:33","guid":{"rendered":"http:\/\/www.sertsc.org.br\/site\/?p=2920"},"modified":"2016-10-25T15:44:33","modified_gmt":"2016-10-25T17:44:33","slug":"e-o-comeco-do-fim-da-tv-analogica","status":"publish","type":"post","link":"https:\/\/sertsc.org.br\/site\/e-o-comeco-do-fim-da-tv-analogica\/","title":{"rendered":"\u00c9 o come\u00e7o do fim da TV anal\u00f3gica"},"content":{"rendered":"<p style=\"text-align: justify;\">Est\u00e1 previsto para iniciar nessa quarta-feira, 26, o desligamento do sinal de TV anal\u00f3gica em Bras\u00edlia e nove cidades do entorno do Distrito Federal. Se tudo ocorrer como planejado, ser\u00e1 a primeira regi\u00e3o a passar pelo processo depois dos testes em Rio Claro (GO), em fevereiro deste ano.<\/p>\n<p class=\"selectionShareable\" style=\"text-align: justify;\">A exig\u00eancia do Grupo de Implanta\u00e7\u00e3o da TV Digital (Gired) \u00e9 de que pelo menos 90% dos domic\u00edlios na regi\u00e3o j\u00e1 recebam sinal digital para que possa ser realizado o desligamento do anal\u00f3gico. Os dados mais atuais apontam que 89% dos moradores a regi\u00e3o j\u00e1 fizeram a convers\u00e3o.<\/p>\n<p class=\"selectionShareable\" style=\"text-align: justify;\">A diferen\u00e7a entre o m\u00ednimo estabelecido pelo Gired e a situa\u00e7\u00e3o real do munic\u00edpio provoca discord\u00e2ncias entre as empresas de radiodifus\u00e3o e as telecoms. As emissoras de televis\u00e3o tendem a ser mais reticentes em perder parte da audi\u00eancia que ainda n\u00e3o fez a migra\u00e7\u00e3o; enquanto as operadoras de telefonia est\u00e3o ansiosas em usar a faixa de 700 MHz, atualmente com o sinal anal\u00f3gico, para ampliar o 4G.<\/p>\n<p class=\"selectionShareable\" style=\"text-align: justify;\">Esse impasse teria provocado um debate no governo pelo adiamento de mais dez dias no prazo de desligamento. As Telecoms defendem que o processo traria um passivo de desconfian\u00e7a para o processo do switch off. Segundo comunicados oficiais do Gired e da Seja Digital \u2013 entidade respons\u00e1vel por operar a transi\u00e7\u00e3o no \u00e2mbito da Anatel \u2013 o cronograma segue o mesmo.<\/p>\n<div class=\"textos \" style=\"text-align: justify;\">\n<p>Dessa forma, al\u00e9m de Bras\u00edlia, as cidades de \u00c1guas Lindas de Goi\u00e1s, Cidade Ocidental, Cristalina, Formosa, Luzi\u00e2nia, Novo Gama, Planaltina, Santo Ant\u00f4nio do Descoberto e Valpara\u00edso de Goi\u00e1s devem iniciar o desligamento nesta semana. Ser\u00e1 a primeira (e \u00fanica) regi\u00e3o metropolitana a receber somente sinal digital em 2016. Segundo o calend\u00e1rio estipulado pelo Minist\u00e9rio das Comunica\u00e7\u00f5es, capitais e respectivas \u00e1reas metropolitanas da regi\u00e3o Sudeste (S\u00e3o Paulo, Rio de Janeiro, Belo Horizonte e Vit\u00f3ria) e de Goi\u00e2nia, Salvador, Recife e Fortaleza dever\u00e3o desligar o sinal anal\u00f3gico no ano que vem, entre outros munic\u00edpios do interior paulista e do Nordeste. Em 2018 ser\u00e1 a vez das capitais das regi\u00f5es Sul, Centro-Oeste e Norte. O prazo final para o switch off de todo o pa\u00eds \u00e9 2023.<\/p>\n<p class=\"selectionShareable\">Segundo pesquisa da Kantar Ibope Media, at\u00e9 o dia 20 de setembro, 23% dos domic\u00edlios dos 15 mercados pesquisados regulamente na medi\u00e7\u00e3o de audi\u00eancia n\u00e3o tinham televisor convertido ou com receptor digital. Outro relat\u00f3rio, o Levantamento Socioecon\u00f4mico da GfK para seu painel de televis\u00e3o, aponta que cerca de 35% dos televisores brasileiros eram de tubo em 2015 \u2014 o dado \u00e9 ilustrativo, j\u00e1 que uma antena para recep\u00e7\u00e3o de sinal digital pode ser instalada nesses aparelhos. Al\u00e9m dos televisores mais modernos, j\u00e1 preparados para a recep\u00e7\u00e3o do sinal digital, aparelhos antigos podem receber uma antena conversora. Domic\u00edlios com pessoas inscritas em programas sociais como Bolsa Fam\u00edlia podem adquirir adaptadores gratuitamente.<\/p>\n<\/div>\n<p class=\"selectionShareable\">Fonte: Meio e Mensagem.<\/p>\n<div class=\"boxPublicidade\"><\/div>\n","protected":false},"excerpt":{"rendered":"<p>Est\u00e1 previsto para iniciar nessa quarta-feira, 26, o desligamento do&hellip;<\/p>\n<p> <a class=\"more-link\" href=\"https:\/\/sertsc.org.br\/site\/e-o-comeco-do-fim-da-tv-analogica\/\">Leia mais<\/a><\/p>\n","protected":false},"author":1,"featured_media":2921,"comment_status":"closed","ping_status":"open","sticky":false,"template":"","format":"standard","meta":{"footnotes":""},"categories":[3],"tags":[],"class_list":{"0":"post-2920","1":"post","2":"type-post","3":"status-publish","4":"format-standard","5":"has-post-thumbnail","7":"category-noticias"},"_links":{"self":[{"href":"https:\/\/sertsc.org.br\/site\/wp-json\/wp\/v2\/posts\/2920","targetHints":{"allow":["GET"]}}],"collection":[{"href":"https:\/\/sertsc.org.br\/site\/wp-json\/wp\/v2\/posts"}],"about":[{"href":"https:\/\/sertsc.org.br\/site\/wp-json\/wp\/v2\/types\/post"}],"author":[{"embeddable":true,"href":"https:\/\/sertsc.org.br\/site\/wp-json\/wp\/v2\/users\/1"}],"replies":[{"embeddable":true,"href":"https:\/\/sertsc.org.br\/site\/wp-json\/wp\/v2\/comments?post=2920"}],"version-history":[{"count":0,"href":"https:\/\/sertsc.org.br\/site\/wp-json\/wp\/v2\/posts\/2920\/revisions"}],"wp:featuredmedia":[{"embeddable":true,"href":"https:\/\/sertsc.org.br\/site\/wp-json\/"}],"wp:attachment":[{"href":"https:\/\/sertsc.org.br\/site\/wp-json\/wp\/v2\/media?parent=2920"}],"wp:term":[{"taxonomy":"category","embeddable":true,"href":"https:\/\/sertsc.org.br\/site\/wp-json\/wp\/v2\/categories?post=2920"},{"taxonomy":"post_tag","embeddable":true,"href":"https:\/\/sertsc.org.br\/site\/wp-json\/wp\/v2\/tags?post=2920"}],"curies":[{"name":"wp","href":"https:\/\/api.w.org\/{rel}","templated":true}]}}