{"id":2916,"date":"2016-10-25T13:59:09","date_gmt":"2016-10-25T15:59:09","guid":{"rendered":"http:\/\/www.sertsc.org.br\/site\/?p=2916"},"modified":"2016-10-25T13:59:09","modified_gmt":"2016-10-25T15:59:09","slug":"abratel-decide-apoiar-o-desligamento-da-tv-analogica-em-brasilia","status":"publish","type":"post","link":"https:\/\/sertsc.org.br\/site\/abratel-decide-apoiar-o-desligamento-da-tv-analogica-em-brasilia\/","title":{"rendered":"Abratel decide apoiar o desligamento da TV anal\u00f3gica em Bras\u00edlia"},"content":{"rendered":"<p class=\"p1\" style=\"text-align: justify;\"><span class=\"s1\">A Associa\u00e7\u00e3o Brasileira de R\u00e1dio e Televis\u00e3o (Abratel) declarou nesta ter\u00e7a, 25, em comunicado, o apoio \u00e0 manuten\u00e7\u00e3o da data de desligamento do sinal de TV anal\u00f3gica em Bras\u00edlia, marcado originalmente para a quarta-feira, 26. Na vis\u00e3o da entidade, os esfor\u00e7os das partes envolvidas, incluindo operadoras, radiodifusores, Anatel e o MCTIC, &#8220;surtiram um efeito satisfat\u00f3rio&#8221;. <\/span><\/p>\n<p class=\"p1\" style=\"text-align: justify;\"><span class=\"s1\">A Abratel alega que decidiu apoiar o desligamento, embora a pesquisa do Ibope apresentada ao Gired n\u00e3o tenha mostrado o percentual m\u00ednimo de 93% dos domic\u00edlios aptos a receber o sinal digital. At\u00e9 ent\u00e3o, os radiodifusores eram reticentes em rela\u00e7\u00e3o ao desligamento com um percentual menor do que 90%.<\/span><\/p>\n<p class=\"p1\" style=\"text-align: justify;\"><span class=\"s1\">Embora n\u00e3o apresente como justificativa para a mudan\u00e7a de posi\u00e7\u00e3o, a associa\u00e7\u00e3o considera que os crit\u00e9rios e metodologias da pesquisa &#8220;precisam ser aprimorados&#8221;. Segundo a Abratel, j\u00e1 foram apresentadas sugest\u00f5es, &#8220;as quais espera que sejam logo colocadas em discuss\u00e3o e incorporadas&#8221;.<\/span><\/p>\n<p class=\"p1\" style=\"text-align: justify;\"><span class=\"s1\">Conforme antecipado por este notici\u00e1rio, o crit\u00e9rio pedido pela a radiodifus\u00e3o, que n\u00e3o considera os mesmos \u00edndices de digitaliza\u00e7\u00e3o entre os domic\u00edlios com telas finas, ser\u00e1 considerado. E por este crit\u00e9rio, com base na pesquisa de campo do Ibope, o percentual de domic\u00edlios aptos para a TV digital no Distrito Federal \u00e9 de 87% na proje\u00e7\u00e3o para a data do desligamento. Ainda caber\u00e1 ao Gired na reuni\u00e3o desta ter\u00e7a-feira, e em \u00faltima inst\u00e2ncia ao MCTIC, decidir se adia ou n\u00e3o o desligamento.<\/span><\/p>\n<p class=\"p1\" style=\"text-align: justify;\">Fonte: Tele time News.<\/p>\n","protected":false},"excerpt":{"rendered":"<p>A Associa\u00e7\u00e3o Brasileira de R\u00e1dio e Televis\u00e3o (Abratel) declarou nesta&hellip;<\/p>\n<p> <a class=\"more-link\" href=\"https:\/\/sertsc.org.br\/site\/abratel-decide-apoiar-o-desligamento-da-tv-analogica-em-brasilia\/\">Leia mais<\/a><\/p>\n","protected":false},"author":1,"featured_media":2591,"comment_status":"closed","ping_status":"open","sticky":false,"template":"","format":"standard","meta":{"footnotes":""},"categories":[3],"tags":[],"class_list":{"0":"post-2916","1":"post","2":"type-post","3":"status-publish","4":"format-standard","5":"has-post-thumbnail","7":"category-noticias"},"_links":{"self":[{"href":"https:\/\/sertsc.org.br\/site\/wp-json\/wp\/v2\/posts\/2916","targetHints":{"allow":["GET"]}}],"collection":[{"href":"https:\/\/sertsc.org.br\/site\/wp-json\/wp\/v2\/posts"}],"about":[{"href":"https:\/\/sertsc.org.br\/site\/wp-json\/wp\/v2\/types\/post"}],"author":[{"embeddable":true,"href":"https:\/\/sertsc.org.br\/site\/wp-json\/wp\/v2\/users\/1"}],"replies":[{"embeddable":true,"href":"https:\/\/sertsc.org.br\/site\/wp-json\/wp\/v2\/comments?post=2916"}],"version-history":[{"count":0,"href":"https:\/\/sertsc.org.br\/site\/wp-json\/wp\/v2\/posts\/2916\/revisions"}],"wp:featuredmedia":[{"embeddable":true,"href":"https:\/\/sertsc.org.br\/site\/wp-json\/"}],"wp:attachment":[{"href":"https:\/\/sertsc.org.br\/site\/wp-json\/wp\/v2\/media?parent=2916"}],"wp:term":[{"taxonomy":"category","embeddable":true,"href":"https:\/\/sertsc.org.br\/site\/wp-json\/wp\/v2\/categories?post=2916"},{"taxonomy":"post_tag","embeddable":true,"href":"https:\/\/sertsc.org.br\/site\/wp-json\/wp\/v2\/tags?post=2916"}],"curies":[{"name":"wp","href":"https:\/\/api.w.org\/{rel}","templated":true}]}}