{"id":2874,"date":"2016-10-24T11:27:32","date_gmt":"2016-10-24T13:27:32","guid":{"rendered":"http:\/\/www.sertsc.org.br\/site\/?p=2874"},"modified":"2016-10-24T11:27:32","modified_gmt":"2016-10-24T13:27:32","slug":"internautas-podem-compartilhar-videos-da-tv-digital-em-redes-sociais","status":"publish","type":"post","link":"https:\/\/sertsc.org.br\/site\/internautas-podem-compartilhar-videos-da-tv-digital-em-redes-sociais\/","title":{"rendered":"Internautas podem compartilhar v\u00eddeos da TV digital em redes sociais"},"content":{"rendered":"<div class=\"itemIntroText\" style=\"text-align: justify;\">As quatro anima\u00e7\u00f5es que alertam sobre o desligamento da TV anal\u00f3gica em Bras\u00edlia (DF), dispon\u00edveis para as emissoras de TV utilizarem na programa\u00e7\u00e3o (<a href=\"http:\/\/mkt.abert.org.br\/go\/37ff98ade00d-cdd84887a7b66-09334c1594298be1a8046-d99edewZhefm9Weg9e6VlK\">clique pra baixar gratuitamente<\/a>), est\u00e3o sendo divulgadas tamb\u00e9m no ambiente digital.<\/div>\n<div class=\"itemFullText\" style=\"text-align: justify;\">Os internautas residentes no DF e nas nove cidades do entorno que, a partir da pr\u00f3xima quarta-feira (26), passar\u00e3o a assistir apenas televis\u00e3o digital, est\u00e3o recebendo em seu feed de not\u00edcias do Facebook v\u00eddeos patrocinados pela ABERT.<\/div>\n<div class=\"itemFullText\" style=\"text-align: justify;\">A a\u00e7\u00e3o foi iniciada na semana passada, com a publica\u00e7\u00e3o dos v\u00eddeos, alcan\u00e7ando 70 mil pessoas. As anima\u00e7\u00f5es de 30 segundos esclarecem sobre a necessidade de adquirir um conversor, instalar a antena corretamente, e como as fam\u00edlias que participam de programas sociais do governo federal, como o Bolsa Fam\u00edlia ou o Minha Casa Minha Vida, podem ganhar um kit gratuito, com conversor, antena e cabos.<\/div>\n<div class=\"itemFullText\" style=\"text-align: justify;\">Depois de Bras\u00edlia, a ABERT ir\u00e1 continuar a a\u00e7\u00e3o nas pr\u00f3ximas cidades.<\/div>\n<div class=\"itemFullText\" style=\"text-align: justify;\"><strong>Descontos em conversores<\/strong><\/div>\n<div class=\"itemFullText\" style=\"text-align: justify;\">A Seja Digital fez parcerias com lojas do DF para oferecer descontos em conversores, antenas digitais e aparelhos de TV \u00e0 popula\u00e7\u00e3o. Basta <a href=\"http:\/\/www.sejadigital.com.br\/pdf\/banner-tabloide\/tabloides_baixa.pdf\">clicar aqui<\/a> para acessar a rela\u00e7\u00e3o dos estabelecimentos, contatos, endere\u00e7os e pre\u00e7os oferecidos por cada um. H\u00e1, tamb\u00e9m, indica\u00e7\u00f5es de antenistas cadastrados que cobram R$ 50 pelo servi\u00e7o.Para obter mais informa\u00e7\u00f5es, basta ligar para o n\u00famero <strong>147<\/strong> ou acessar <a href=\"http:\/\/www.sejadigital.com.br\/\">www.sejadigital.com.br<\/a>.<\/div>\n<div class=\"itemFullText\" style=\"text-align: justify;\"><\/div>\n<div class=\"itemFullText\" style=\"text-align: justify;\">Fonte: ABERT<\/div>\n","protected":false},"excerpt":{"rendered":"<p>As quatro anima\u00e7\u00f5es que alertam sobre o desligamento da TV&hellip;<\/p>\n<p> <a class=\"more-link\" href=\"https:\/\/sertsc.org.br\/site\/internautas-podem-compartilhar-videos-da-tv-digital-em-redes-sociais\/\">Leia mais<\/a><\/p>\n","protected":false},"author":1,"featured_media":2538,"comment_status":"closed","ping_status":"open","sticky":false,"template":"","format":"standard","meta":{"footnotes":""},"categories":[3],"tags":[],"class_list":{"0":"post-2874","1":"post","2":"type-post","3":"status-publish","4":"format-standard","5":"has-post-thumbnail","7":"category-noticias"},"_links":{"self":[{"href":"https:\/\/sertsc.org.br\/site\/wp-json\/wp\/v2\/posts\/2874","targetHints":{"allow":["GET"]}}],"collection":[{"href":"https:\/\/sertsc.org.br\/site\/wp-json\/wp\/v2\/posts"}],"about":[{"href":"https:\/\/sertsc.org.br\/site\/wp-json\/wp\/v2\/types\/post"}],"author":[{"embeddable":true,"href":"https:\/\/sertsc.org.br\/site\/wp-json\/wp\/v2\/users\/1"}],"replies":[{"embeddable":true,"href":"https:\/\/sertsc.org.br\/site\/wp-json\/wp\/v2\/comments?post=2874"}],"version-history":[{"count":0,"href":"https:\/\/sertsc.org.br\/site\/wp-json\/wp\/v2\/posts\/2874\/revisions"}],"wp:featuredmedia":[{"embeddable":true,"href":"https:\/\/sertsc.org.br\/site\/wp-json\/"}],"wp:attachment":[{"href":"https:\/\/sertsc.org.br\/site\/wp-json\/wp\/v2\/media?parent=2874"}],"wp:term":[{"taxonomy":"category","embeddable":true,"href":"https:\/\/sertsc.org.br\/site\/wp-json\/wp\/v2\/categories?post=2874"},{"taxonomy":"post_tag","embeddable":true,"href":"https:\/\/sertsc.org.br\/site\/wp-json\/wp\/v2\/tags?post=2874"}],"curies":[{"name":"wp","href":"https:\/\/api.w.org\/{rel}","templated":true}]}}