{"id":2867,"date":"2017-07-13T14:15:45","date_gmt":"2017-07-13T17:15:45","guid":{"rendered":"http:\/\/www.sertsc.org.br\/site\/?p=2867"},"modified":"2017-07-13T14:15:45","modified_gmt":"2017-07-13T17:15:45","slug":"o-que-leva-uma-empresa-a-anunciar-na-radio","status":"publish","type":"post","link":"https:\/\/sertsc.org.br\/site\/o-que-leva-uma-empresa-a-anunciar-na-radio\/","title":{"rendered":"O que leva uma empresa a anunciar na r\u00e1dio?"},"content":{"rendered":"<p style=\"text-align: justify;\">Antes de elaborarem o m\u00eddia kit da emissora, os gestores devem primeiramente buscar entender o que leva uma empresa ou um profissional aut\u00f4nomo a divulgar seus produtos ou servi\u00e7os em\u00a0r\u00e1dio. Ao conhecerem os motivos, eles poder\u00e3o adicion\u00e1-los no m\u00eddia kit e tornar as inser\u00e7\u00f5es na programa\u00e7\u00e3o e os espa\u00e7os publicit\u00e1rios (no site, blog e aplicativo) mais atraentes para os potenciais anunciantes. A seguir, listamos os principais motivos que levam uma empresa a anunciar na r\u00e1dio. Confira!<\/p>\n<p style=\"text-align: justify;\"><strong>1. A empatia que as pessoas t\u00eam pela r\u00e1dio<\/strong><\/p>\n<p style=\"text-align: justify;\">Um estudo realizado pela Secom (Secretaria de Comunica\u00e7\u00e3o Social da Presid\u00eancia da Rep\u00fablica) mostra que o r\u00e1dio \u00e9 o segundo meio de comunica\u00e7\u00e3o mais utilizado pelos brasileiros. Isto mostra que a popula\u00e7\u00e3o tem muita empatia pelo r\u00e1dio, apesar de toda a revolu\u00e7\u00e3o tecnol\u00f3gica ocorrida nos \u00faltimos tempos. Este \u00e9 o fator que mais motiva as empresas a anunciarem seus produtos ou servi\u00e7os numa emissora de r\u00e1dio.<\/p>\n<p style=\"text-align: justify;\"><strong>2. As diferentes plataformas atingidas<\/strong><\/p>\n<p style=\"text-align: justify;\">As pessoas n\u00e3o escutam r\u00e1dio apenas pelo aparelho tradicional. Elas tamb\u00e9m utilizam outras plataformas, como desktops e smartphones. Isto acaba ampliando o alcance da r\u00e1dio e fazendo com que mais empresas se interessem em anunciar nas emissoras. De acordo com a Pesquisa Regular de R\u00e1dio, 58% dos brasileiros ouvem a programa\u00e7\u00e3o por meio de aparelhos tradicionais. J\u00e1 15% e 5% utilizam o celular e o computador, respectivamente.<\/p>\n<p style=\"text-align: justify;\"><strong>3. A mobilidade oferecida<\/strong><\/p>\n<p style=\"text-align: justify;\">Desde o seu surgimento, o r\u00e1dio tem em seu DNA o aspecto da mobilidade, que permite que os ouvintes acompanhem a programa\u00e7\u00e3o e escutem os an\u00fancios a qualquer hora e lugar. A Pesquisa Regular de R\u00e1dio tamb\u00e9m apontou os locais onde as pessoas mais escutam r\u00e1dio. A resid\u00eancia \u00e9 o principal, seguida do autom\u00f3vel e do escrit\u00f3rio. H\u00e1 tamb\u00e9m aqueles ouvintes que acompanham a programa\u00e7\u00e3o enquanto fazem seus trajetos.<\/p>\n<p style=\"text-align: justify;\"><strong>4. A variedade da programa\u00e7\u00e3o<\/strong><\/p>\n<p style=\"text-align: justify;\">Hoje, a programa\u00e7\u00e3o da maioria das emissoras inclui notici\u00e1rios (locais, nacionais e internacionais), entrevistas e programas musicais, esportivos e religiosos. Toda esta variedade de conte\u00fado atende a diferentes gostos e pessoas, faz com que\u00a093% da popula\u00e7\u00e3o brasileira seja impactada por algum formato de \u00e1udio \u2013 segundo a G.net \u2013 e permite que os anunciantes atinjam o seu p\u00fablico-alvo.<\/p>\n<p style=\"text-align: justify;\"><strong>5. Os diferentes tipos de p\u00fablicos que s\u00e3o impactados<\/strong><\/p>\n<p style=\"text-align: justify;\">Este fator \u00e9 originado justamente pela pluralidade do conte\u00fado oferecido pelas emissoras de r\u00e1dio. Elas conseguem atingir todos os tipos de p\u00fablico, desde os jovens at\u00e9 os mais maduros, de classes econ\u00f4micas baixa, m\u00e9dia e alta. Isto \u00e9 muito ben\u00e9fico principalmente para aquelas empresas que atendem todos esses p\u00fablicos, como supermercados. Ao anunciarem na r\u00e1dio, eles conseguem atingir todos eles quase que de uma vez s\u00f3.<\/p>\n<p style=\"text-align: justify;\">\u00c9 muito importante que os gestores da emissora analisem todos esses fatores, pois s\u00e3o eles que levam as empresas e profissionais aut\u00f4nomos a anunciarem na r\u00e1dio. E para chamar a aten\u00e7\u00e3o, \u00e9 fundamental falar sobre os fatores no m\u00eddia kit, como a empatia que os brasileiros t\u00eam pela r\u00e1dio e as diferentes plataformas e p\u00fablicos que a emissora atinge. Isto aumenta as chances das empresas anunciarem nesse meio de comunica\u00e7\u00e3o.<\/p>\n<p style=\"text-align: justify;\">Fonte: Cadena<\/p>\n","protected":false},"excerpt":{"rendered":"<p>Antes de elaborarem o m\u00eddia kit da emissora, os gestores&hellip;<\/p>\n<p> <a class=\"more-link\" href=\"https:\/\/sertsc.org.br\/site\/o-que-leva-uma-empresa-a-anunciar-na-radio\/\">Leia mais<\/a><\/p>\n","protected":false},"author":1,"featured_media":2868,"comment_status":"closed","ping_status":"open","sticky":false,"template":"","format":"standard","meta":{"footnotes":""},"categories":[3],"tags":[],"class_list":{"0":"post-2867","1":"post","2":"type-post","3":"status-publish","4":"format-standard","5":"has-post-thumbnail","7":"category-noticias"},"_links":{"self":[{"href":"https:\/\/sertsc.org.br\/site\/wp-json\/wp\/v2\/posts\/2867","targetHints":{"allow":["GET"]}}],"collection":[{"href":"https:\/\/sertsc.org.br\/site\/wp-json\/wp\/v2\/posts"}],"about":[{"href":"https:\/\/sertsc.org.br\/site\/wp-json\/wp\/v2\/types\/post"}],"author":[{"embeddable":true,"href":"https:\/\/sertsc.org.br\/site\/wp-json\/wp\/v2\/users\/1"}],"replies":[{"embeddable":true,"href":"https:\/\/sertsc.org.br\/site\/wp-json\/wp\/v2\/comments?post=2867"}],"version-history":[{"count":0,"href":"https:\/\/sertsc.org.br\/site\/wp-json\/wp\/v2\/posts\/2867\/revisions"}],"wp:featuredmedia":[{"embeddable":true,"href":"https:\/\/sertsc.org.br\/site\/wp-json\/"}],"wp:attachment":[{"href":"https:\/\/sertsc.org.br\/site\/wp-json\/wp\/v2\/media?parent=2867"}],"wp:term":[{"taxonomy":"category","embeddable":true,"href":"https:\/\/sertsc.org.br\/site\/wp-json\/wp\/v2\/categories?post=2867"},{"taxonomy":"post_tag","embeddable":true,"href":"https:\/\/sertsc.org.br\/site\/wp-json\/wp\/v2\/tags?post=2867"}],"curies":[{"name":"wp","href":"https:\/\/api.w.org\/{rel}","templated":true}]}}