{"id":2811,"date":"2016-10-18T14:53:48","date_gmt":"2016-10-18T16:53:48","guid":{"rendered":"http:\/\/www.sertsc.org.br\/site\/?p=2811"},"modified":"2016-10-18T14:53:48","modified_gmt":"2016-10-18T16:53:48","slug":"emissoras-am-devem-ficar-atentas-a-reducao-de-potencia-no-horario-de-verao","status":"publish","type":"post","link":"https:\/\/sertsc.org.br\/site\/emissoras-am-devem-ficar-atentas-a-reducao-de-potencia-no-horario-de-verao\/","title":{"rendered":"Emissoras AM devem ficar atentas \u00e0 redu\u00e7\u00e3o de pot\u00eancia no hor\u00e1rio de ver\u00e3o"},"content":{"rendered":"<p style=\"text-align: justify;\">R\u00e1dios AMs que est\u00e3o nos estados de Goi\u00e1s, Mato Grosso, Mato Grosso do Sul, Minas Gerais, Paran\u00e1, Rio de Janeiro, Rio Grande do Sul, Santa Catarina, S\u00e3o Paulo, Esp\u00edrito Santo, al\u00e9m do Distrito Federal, devem ficar atentas \u00e0 mudan\u00e7a do hor\u00e1rio de ver\u00e3o, que entrou em vigor \u00e0 meia noite do \u00faltimo domingo (16), adiantando os rel\u00f3gios em uma hora. As r\u00e1dios desses estados precisam se adequar aos hor\u00e1rios para redu\u00e7\u00e3o de pot\u00eancia, que muda de acordo com o per\u00edodo do ano, mesmo as que j\u00e1 fizeram a migra\u00e7\u00e3o para o FM e ainda transmitem em AM.<\/p>\n<div style=\"text-align: justify;\">Desta forma as emissoras de Ondas M\u00e9dias, que fazem a redu\u00e7\u00e3o de pot\u00eancia devem se adequar e observar se a programa\u00e7\u00e3o (muitas vezes automatizada) de redu\u00e7\u00e3o estar\u00e1 sendo feita corretamente ou se dever\u00e3o acrescentar uma hora ao hor\u00e1rio previsto para redu\u00e7\u00e3o de pot\u00eancia nos estados onde haver\u00e1 o hor\u00e1rio de ver\u00e3o. A determina\u00e7\u00e3o est\u00e1 na Resolu\u00e7\u00e3o n\u00ba 116, de 1999, da ANATEL.<\/div>\n<div style=\"text-align: justify;\"><\/div>\n<div style=\"text-align: justify;\">\u201cEmbora o servi\u00e7o de Onda M\u00e9dia sendo esvaziado pela Migra\u00e7\u00e3o, todas as obriga\u00e7\u00f5es e eventuais infra\u00e7\u00f5es relativas ao servi\u00e7o OM permanecem ativas. Mesmo para aquelas esta\u00e7\u00f5es que j\u00e1 migraram, as obriga\u00e7\u00f5es do jur\u00eddicas e t\u00e9cnicas do servi\u00e7o s\u00f3 cessam na entrega oficial do canal \u00e0 Uni\u00e3o em Ato pr\u00f3prio, ao final do per\u00edodo de simultaneidade de opera\u00e7\u00f5es OM &amp; FM\u201d, ressalta o engenheiro Eduardo Cappia, l\u00edder do Comit\u00ea T\u00e9cnico da AESP e diretor da EMC Telecomunica\u00e7\u00f5es.<\/div>\n<div style=\"text-align: justify;\"><\/div>\n<div style=\"text-align: justify;\">Em rela\u00e7\u00e3o ao programa Voz do Brasil, as emissoras de r\u00e1dio dever\u00e3o manter a transmiss\u00e3o \u00e0s 19h do hor\u00e1rio local. Isso significa que n\u00e3o haver\u00e1 altera\u00e7\u00e3o na programa\u00e7\u00e3o local mesmo para os estados que n\u00e3o participam do hor\u00e1rio de ver\u00e3o.<\/div>\n<div style=\"text-align: justify;\"><\/div>\n<div style=\"text-align: justify;\">A estrat\u00e9gia do hor\u00e1rio de ver\u00e3o foi adotada pela primeira vez no mundo durante a Primeira Guerra Mundial. Desde ent\u00e3o, diversos estudos t\u00eam avaliado o impacto da mudan\u00e7a do hor\u00e1rio na vida das pessoas. O efeito n\u00e3o se resume apenas ao mau humor por ter de acordar uma hora mais cedo.<\/div>\n<div style=\"text-align: justify;\"><\/div>\n<div style=\"text-align: justify;\">Segundo as pesquisas, o hor\u00e1rio de ver\u00e3o pode afetar o tempo de pr\u00e1tica de atividades f\u00edsicas, no n\u00famero de acidentes de carro e at\u00e9 no per\u00edodo em que funcion\u00e1rios passam navegando na internet de forma improdutiva durante o expediente. O hor\u00e1rio de ver\u00e3o segue at\u00e9 19 de fevereiro.<\/div>\n<div style=\"text-align: justify;\"><\/div>\n<div style=\"text-align: justify;\">Fonte: Tudo R\u00e1dio.<\/div>\n","protected":false},"excerpt":{"rendered":"<p>R\u00e1dios AMs que est\u00e3o nos estados de Goi\u00e1s, Mato Grosso,&hellip;<\/p>\n<p> <a class=\"more-link\" href=\"https:\/\/sertsc.org.br\/site\/emissoras-am-devem-ficar-atentas-a-reducao-de-potencia-no-horario-de-verao\/\">Leia mais<\/a><\/p>\n","protected":false},"author":1,"featured_media":2812,"comment_status":"closed","ping_status":"open","sticky":false,"template":"","format":"standard","meta":{"footnotes":""},"categories":[3],"tags":[],"class_list":{"0":"post-2811","1":"post","2":"type-post","3":"status-publish","4":"format-standard","5":"has-post-thumbnail","7":"category-noticias"},"_links":{"self":[{"href":"https:\/\/sertsc.org.br\/site\/wp-json\/wp\/v2\/posts\/2811","targetHints":{"allow":["GET"]}}],"collection":[{"href":"https:\/\/sertsc.org.br\/site\/wp-json\/wp\/v2\/posts"}],"about":[{"href":"https:\/\/sertsc.org.br\/site\/wp-json\/wp\/v2\/types\/post"}],"author":[{"embeddable":true,"href":"https:\/\/sertsc.org.br\/site\/wp-json\/wp\/v2\/users\/1"}],"replies":[{"embeddable":true,"href":"https:\/\/sertsc.org.br\/site\/wp-json\/wp\/v2\/comments?post=2811"}],"version-history":[{"count":0,"href":"https:\/\/sertsc.org.br\/site\/wp-json\/wp\/v2\/posts\/2811\/revisions"}],"wp:featuredmedia":[{"embeddable":true,"href":"https:\/\/sertsc.org.br\/site\/wp-json\/"}],"wp:attachment":[{"href":"https:\/\/sertsc.org.br\/site\/wp-json\/wp\/v2\/media?parent=2811"}],"wp:term":[{"taxonomy":"category","embeddable":true,"href":"https:\/\/sertsc.org.br\/site\/wp-json\/wp\/v2\/categories?post=2811"},{"taxonomy":"post_tag","embeddable":true,"href":"https:\/\/sertsc.org.br\/site\/wp-json\/wp\/v2\/tags?post=2811"}],"curies":[{"name":"wp","href":"https:\/\/api.w.org\/{rel}","templated":true}]}}