{"id":2780,"date":"2016-10-24T10:10:12","date_gmt":"2016-10-24T12:10:12","guid":{"rendered":"http:\/\/www.sertsc.org.br\/site\/?p=2780"},"modified":"2016-10-24T10:10:12","modified_gmt":"2016-10-24T12:10:12","slug":"aumenta-ansiedade-dos-radiodifusores-com-o-fim-da-tv-analogica-em-brasilia","status":"publish","type":"post","link":"https:\/\/sertsc.org.br\/site\/aumenta-ansiedade-dos-radiodifusores-com-o-fim-da-tv-analogica-em-brasilia\/","title":{"rendered":"26\/10: Aumenta ansiedade dos radiodifusores com o fim da TV anal\u00f3gica em Bras\u00edlia"},"content":{"rendered":"<div class=\"itemIntroText\">\n<p style=\"text-align: justify;\">Se o percentual de 90% de digitaliza\u00e7\u00e3o, segundo o crit\u00e9rio do Gired, for atingido em Bras\u00edlia e nas cidades do entorno do DF, aproximadamente 100 mil resid\u00eancias poder\u00e3o ficar sem o sinal da televis\u00e3o aberta ap\u00f3s o dia 26 de outubro, data do desligamento do sinal anal\u00f3gico na regi\u00e3o, onde, atualmente, h\u00e1 cerca de 1,05 milh\u00e3o de domic\u00edlios.<\/p>\n<\/div>\n<div class=\"itemFullText\">\n<p style=\"text-align: justify;\">De acordo com a portaria do MCTIC, &#8220;o sinal s\u00f3 poder\u00e1 ser desligado quando 93% dos domic\u00edlios estiverem recebendo o sinal digital&#8221;, e, segundo as \u00faltimas pesquisas, esse n\u00famero est\u00e1 em 79%. &#8220;Se isso for confirmado, teremos aproximadamente 100 mil resid\u00eancias sem o sinal da televis\u00e3o, o que pode ser considerado um risco muito grande\u201d, alerta o diretor geral da ABERT, Luis Roberto Antonik.<\/p>\n<p style=\"text-align: justify;\">Segundo o governo, adotando o mesmo crit\u00e9rio usado para desligar o sinal anal\u00f3gico na cidade de Rio Verde (GO), no final de agosto, 85% das resid\u00eancias do DF j\u00e1 estavam prontas para receber o sinal digital. No entanto, pela metodologia aprovada pelo Gired e defendida pelas emissoras de televis\u00e3o, esse percentual chegava apenas a 79%.<\/p>\n<p style=\"text-align: justify;\">Antonik ressalta que o crit\u00e9rio usado pelo governo em Rio Verde n\u00e3o reflete a realidade. \u201cNem todas as TVs de tela fina t\u00eam conversor integrado, muito menos todos os tipos de antenas s\u00e3o adequados. O governo est\u00e1 contando essas televis\u00f5es como aptas a receber o sinal digital, o que n\u00e3o \u00e9 verdade. A fabrica\u00e7\u00e3o dos televisores de tela fina come\u00e7ou em 2007 e hoje j\u00e1 s\u00e3o mais de 87 milh\u00f5es de aparelhos, mas uma elevada parcela n\u00e3o tem conversor integrado\u201d, afirma ele.<\/p>\n<p style=\"text-align: justify;\">Outro problema apontado est\u00e1 na distribui\u00e7\u00e3o dos conversores para fam\u00edlias de baixa renda que fazem parte dos programas sociais do governo. Os conversores s\u00e3o considerados essenciais para o atingimento dos 93% de digitaliza\u00e7\u00e3o.<\/p>\n<p style=\"text-align: justify;\">Em Bras\u00edlia, h\u00e1 370 mil kits gratuitos dispon\u00edveis, mas 94 mil equipamentos ainda precisam ser entregues at\u00e9 o dia 26. Apesar do esfor\u00e7o de comunica\u00e7\u00e3o e log\u00edstica desenvolvido pela SEJA DIGITAL, entidade respons\u00e1vel pela distribui\u00e7\u00e3o dos kits, erros de cadastro nos programas sociais do governo federal est\u00e3o dificultando a localiza\u00e7\u00e3o dos benefici\u00e1rios.<\/p>\n<p style=\"text-align: justify;\">De acordo com o conselheiro da Ag\u00eancia Nacional de Telecomunica\u00e7\u00f5es (Anatel) e presidente do grupo que conduz a migra\u00e7\u00e3o dos canais (Gired), Rodrigo Zerbone, o governo adotar\u00e1 uma margem de erro de 3%. \u201cO desligamento do sinal anal\u00f3gico acontecer\u00e1 mesmo se a pesquisa final mostrar que 90% das casas est\u00e3o prontas\u201d, disse.<\/p>\n<p style=\"text-align: justify;\">O levantamento final da pesquisa ser\u00e1 conhecido no dia 24 de outubro e a decis\u00e3o sobre o desligamento ser\u00e1 do ministro da Ci\u00eancia, Tecnologia, Inova\u00e7\u00f5es e Comunica\u00e7\u00f5es, Gilberto Kassab.<\/p>\n<p style=\"text-align: justify;\">Fonte: ABERT.<\/p>\n<\/div>\n","protected":false},"excerpt":{"rendered":"<p>Se o percentual de 90% de digitaliza\u00e7\u00e3o, segundo o crit\u00e9rio&hellip;<\/p>\n<p> <a class=\"more-link\" href=\"https:\/\/sertsc.org.br\/site\/aumenta-ansiedade-dos-radiodifusores-com-o-fim-da-tv-analogica-em-brasilia\/\">Leia mais<\/a><\/p>\n","protected":false},"author":1,"featured_media":2781,"comment_status":"closed","ping_status":"open","sticky":false,"template":"","format":"standard","meta":{"footnotes":""},"categories":[3],"tags":[],"class_list":{"0":"post-2780","1":"post","2":"type-post","3":"status-publish","4":"format-standard","5":"has-post-thumbnail","7":"category-noticias"},"_links":{"self":[{"href":"https:\/\/sertsc.org.br\/site\/wp-json\/wp\/v2\/posts\/2780","targetHints":{"allow":["GET"]}}],"collection":[{"href":"https:\/\/sertsc.org.br\/site\/wp-json\/wp\/v2\/posts"}],"about":[{"href":"https:\/\/sertsc.org.br\/site\/wp-json\/wp\/v2\/types\/post"}],"author":[{"embeddable":true,"href":"https:\/\/sertsc.org.br\/site\/wp-json\/wp\/v2\/users\/1"}],"replies":[{"embeddable":true,"href":"https:\/\/sertsc.org.br\/site\/wp-json\/wp\/v2\/comments?post=2780"}],"version-history":[{"count":0,"href":"https:\/\/sertsc.org.br\/site\/wp-json\/wp\/v2\/posts\/2780\/revisions"}],"wp:featuredmedia":[{"embeddable":true,"href":"https:\/\/sertsc.org.br\/site\/wp-json\/"}],"wp:attachment":[{"href":"https:\/\/sertsc.org.br\/site\/wp-json\/wp\/v2\/media?parent=2780"}],"wp:term":[{"taxonomy":"category","embeddable":true,"href":"https:\/\/sertsc.org.br\/site\/wp-json\/wp\/v2\/categories?post=2780"},{"taxonomy":"post_tag","embeddable":true,"href":"https:\/\/sertsc.org.br\/site\/wp-json\/wp\/v2\/tags?post=2780"}],"curies":[{"name":"wp","href":"https:\/\/api.w.org\/{rel}","templated":true}]}}