{"id":2763,"date":"2016-10-14T14:41:53","date_gmt":"2016-10-14T17:41:53","guid":{"rendered":"http:\/\/www.sertsc.org.br\/site\/?p=2763"},"modified":"2016-10-14T14:41:53","modified_gmt":"2016-10-14T17:41:53","slug":"horario-de-verao-comeca-no-domingo-em-10-estados-e-df","status":"publish","type":"post","link":"https:\/\/sertsc.org.br\/site\/horario-de-verao-comeca-no-domingo-em-10-estados-e-df\/","title":{"rendered":"Hor\u00e1rio de ver\u00e3o come\u00e7a no domingo em 10 estados e DF"},"content":{"rendered":"<p style=\"text-align: justify;\">O hor\u00e1rio de ver\u00e3o entrar\u00e1 em vigor no pr\u00f3ximo domingo (16) em dez estados mais o Distrito Federal. A partir de meia-noite de s\u00e1bado (15), os moradores devem adiantar os rel\u00f3gios em uma hora. O hor\u00e1rio de ver\u00e3o vai durar at\u00e9 o dia 19 de fevereiro de 2017.<\/p>\n<p style=\"text-align: justify;\">O governo federal estima que ir\u00e1 economizar R$ 147,5 milh\u00f5es. O valor representa o custo evitado em usinas t\u00e9rmicas por quest\u00f5es de seguran\u00e7a el\u00e9trica e atendimento \u00e0 ponta de carga no per\u00edodo de vig\u00eancia do hor\u00e1rio de ver\u00e3o.<\/p>\n<p style=\"text-align: justify;\">O hor\u00e1rio diferenciado vale para os estados de Goi\u00e1s, Mato Grosso, Mato Grosso do Sul, Minas Gerais, Paran\u00e1, Rio de Janeiro, Rio Grande do Sul, Santa Catarina, S\u00e3o Paulo, Esp\u00edrito Santo, al\u00e9m do DF.<\/p>\n<p style=\"text-align: justify;\">Entre os objetivos est\u00e1 a redu\u00e7\u00e3o da demanda durante o hor\u00e1rio de pico, que vai normalmente das 18h \u00e0s 21h. Com o hor\u00e1rio de ver\u00e3o, a ilumina\u00e7\u00e3o p\u00fablica, por exemplo, \u00e9 acionada mais tarde, deixando de coincidir com o hor\u00e1rio de consumo da ind\u00fastria e do com\u00e9rcio.<\/p>\n<p style=\"text-align: justify;\"><strong>Redu\u00e7\u00e3o do consumo<\/strong><br \/>\nSegundo o governo, nos \u00faltimos dez anos, a medida tem possibilitado uma redu\u00e7\u00e3o m\u00e9dia de 4,5% na demanda por energia no hor\u00e1rio de maior consumo e uma economia absoluta de 0,5%. Isso equivale, em todo o hor\u00e1rio de ver\u00e3o,\u00a0 ao consumo mensal aproximado de energia em Bras\u00edlia, com 2,8 milh\u00f5es de habitantes.<\/p>\n<p style=\"text-align: justify;\">O governo explica que o hor\u00e1rio de ver\u00e3o possibilita a amplia\u00e7\u00e3o do per\u00edodo de maior consumo, reduzindo o volume de carga de energia nas linhas de transmiss\u00e3o, nas subesta\u00e7\u00f5es e nos sistemas de distribui\u00e7\u00e3o num mesmo momento, o que reduz os riscos de apag\u00f5es.<\/p>\n<p style=\"text-align: justify;\">Segundo as pesquisas, o hor\u00e1rio de ver\u00e3o pode afetar o tempo de pr\u00e1tica de atividades f\u00edsicas, no n\u00famero de acidentes de carro e at\u00e9 no per\u00edodo em que funcion\u00e1rios passam navegando na internet de forma improdutiva durante o expediente.<\/p>\n<p style=\"text-align: justify;\"><strong>Curiosidade<\/strong><u><\/u><u><\/u><\/p>\n<p style=\"text-align: justify;\">No Brasil, o primeiro hor\u00e1rio de ver\u00e3o foi realizado entre 1931\/32, pelo presidente Get\u00falio Vargas. A pr\u00e1tica vem sendo adotada sem interrup\u00e7\u00f5es desde 1985. A \u00fanica exce\u00e7\u00e3o para o decreto 6.558, de 2008, que define as regras do hor\u00e1rio de ver\u00e3o atualmente, ocorre quando o terceiro domingo de fevereiro coincide com o domingo de Carnaval. Nesse caso, o hor\u00e1rio de ver\u00e3o termina no quarto domingo de fevereiro.<\/p>\n<p style=\"text-align: justify;\">Fonte: G1.<\/p>\n","protected":false},"excerpt":{"rendered":"<p>O hor\u00e1rio de ver\u00e3o entrar\u00e1 em vigor no pr\u00f3ximo domingo&hellip;<\/p>\n<p> <a class=\"more-link\" href=\"https:\/\/sertsc.org.br\/site\/horario-de-verao-comeca-no-domingo-em-10-estados-e-df\/\">Leia mais<\/a><\/p>\n","protected":false},"author":1,"featured_media":2764,"comment_status":"closed","ping_status":"open","sticky":false,"template":"","format":"standard","meta":{"footnotes":""},"categories":[3],"tags":[],"class_list":{"0":"post-2763","1":"post","2":"type-post","3":"status-publish","4":"format-standard","5":"has-post-thumbnail","7":"category-noticias"},"_links":{"self":[{"href":"https:\/\/sertsc.org.br\/site\/wp-json\/wp\/v2\/posts\/2763","targetHints":{"allow":["GET"]}}],"collection":[{"href":"https:\/\/sertsc.org.br\/site\/wp-json\/wp\/v2\/posts"}],"about":[{"href":"https:\/\/sertsc.org.br\/site\/wp-json\/wp\/v2\/types\/post"}],"author":[{"embeddable":true,"href":"https:\/\/sertsc.org.br\/site\/wp-json\/wp\/v2\/users\/1"}],"replies":[{"embeddable":true,"href":"https:\/\/sertsc.org.br\/site\/wp-json\/wp\/v2\/comments?post=2763"}],"version-history":[{"count":0,"href":"https:\/\/sertsc.org.br\/site\/wp-json\/wp\/v2\/posts\/2763\/revisions"}],"wp:featuredmedia":[{"embeddable":true,"href":"https:\/\/sertsc.org.br\/site\/wp-json\/"}],"wp:attachment":[{"href":"https:\/\/sertsc.org.br\/site\/wp-json\/wp\/v2\/media?parent=2763"}],"wp:term":[{"taxonomy":"category","embeddable":true,"href":"https:\/\/sertsc.org.br\/site\/wp-json\/wp\/v2\/categories?post=2763"},{"taxonomy":"post_tag","embeddable":true,"href":"https:\/\/sertsc.org.br\/site\/wp-json\/wp\/v2\/tags?post=2763"}],"curies":[{"name":"wp","href":"https:\/\/api.w.org\/{rel}","templated":true}]}}